{"id":29554,"date":"2026-04-27T10:44:45","date_gmt":"2026-04-27T10:44:45","guid":{"rendered":"https:\/\/eskigazeteci.com\/?p=29554"},"modified":"2026-04-27T10:44:45","modified_gmt":"2026-04-27T10:44:45","slug":"cumhurbaskani-yardimcisi-yilmaz-turkiye-bir-us-haline-geldi","status":"publish","type":"post","link":"https:\/\/eskigazeteci.com\/?p=29554","title":{"rendered":"Cumhurba\u015fkan\u0131 Yard\u0131mc\u0131s\u0131 Y\u0131lmaz: T\u00fcrkiye bir \u00fcs haline geldi"},"content":{"rendered":"<p>Y\u0131lmaz, Cumhurba\u015fkanl\u0131\u011f\u0131 K\u00fclliyesi&#x27;nde &quot;T\u00fcrkiye Y\u00fczy\u0131l\u0131 Yat\u0131r\u0131m \u0130\u00e7in G\u00fc\u00e7l\u00fc Merkez&quot; bas\u0131n toplant\u0131s\u0131na kat\u0131ld\u0131. Toplant\u0131da, Hazine ve Maliye Bakan\u0131 Mehmet \u015eim\u015fek, Sanayi ve Teknoloji Bakan\u0131 Mehmet Fatih Kac\u0131r, Ticaret Bakan\u0131 \u00d6mer Bolat, Cumhurba\u015fkanl\u0131\u011f\u0131 Strateji ve B\u00fct\u00e7e Ba\u015fkan\u0131 \u0130brahim \u015eenel, Cumhurba\u015fkanl\u0131\u011f\u0131 Yat\u0131r\u0131m ve Finans Ofisi Ba\u015fkan\u0131 Ahmet Burak Da\u011fl\u0131o\u011flu da yer ald\u0131.<\/p>\n<p>A\u00e7\u0131l\u0131\u015fta konu\u015fan Y\u0131lmaz, k\u00fcresel ekonominin, belirsizliklerin artt\u0131\u011f\u0131 bir d\u00f6nemden ge\u00e7ti\u011fine, jeopolitik gerilimlerin bir\u00e7ok b\u00f6lgede yo\u011funla\u015ft\u0131\u011f\u0131na dikkati \u00e7ekti.<\/p>\n<p>\u0130ran ile \u0130srail aras\u0131ndaki gerilimin t\u0131rmanma riski ve ABD&#x27;nin s\u00fcrece dahil olmas\u0131n\u0131n zaten k\u0131r\u0131lgan olan ortam \u00fczerinde ilave bask\u0131 olu\u015fturdu\u011funa i\u015faret eden Y\u0131lmaz, bu geli\u015fmelerin enerji piyasalar\u0131n\u0131, ticaret yollar\u0131n\u0131 ve k\u00fcresel finansal ko\u015fullar\u0131 do\u011frudan etkiledi\u011fini s\u00f6yledi.<\/p>\n<p>Y\u0131lmaz, bu par\u00e7alanm\u0131\u015f k\u00fcresel ortamda dayan\u0131kl\u0131l\u0131k, \u00f6ng\u00f6r\u00fclebilirlik ve \u00fcretim kapasitesinin k\u00fcresel yat\u0131r\u0131mlar\u0131n y\u00f6n\u00fcn\u00fc belirleyen temel unsurlar haline geldi\u011fini vurgulayarak, \u015funlar\u0131 kaydetti:<\/p>\n<p>&quot;T\u00fcrkiye bu ortamda g\u00fcven ve disiplinle yol almaktad\u0131r. B\u00f6lgemizdeki geli\u015fmelerin ekonomimiz \u00fczerindeki muhtemel etkilerini s\u0131n\u0131rlamak ve piyasalar\u0131n d\u00fczenli ve sa\u011fl\u0131kl\u0131&#8230;<\/p>\n","protected":false},"excerpt":{"rendered":"<p>Cumhurba\u015fkan\u0131 Yard\u0131mc\u0131s\u0131 Cevdet Y\u0131lmaz, T\u00fcrkiye&#8217;nin \u00fcretim, ticaret ve da\u011f\u0131t\u0131m alanlar\u0131nda giderek merkezi bir \u00fcs haline geldi\u011fini belirterek, Bu kapsamda,&#8230;<\/p>\n","protected":false},"author":2,"featured_media":29553,"comment_status":"open","ping_status":"open","sticky":false,"template":"","format":"standard","meta":{"footnotes":""},"categories":[8,6,5],"tags":[],"class_list":["post-29554","post","type-post","status-publish","format-standard","has-post-thumbnail","hentry","category-arsiv","category-gundem","category-son-dakika"],"_links":{"self":[{"href":"https:\/\/eskigazeteci.com\/index.php?rest_route=\/wp\/v2\/posts\/29554","targetHints":{"allow":["GET"]}}],"collection":[{"href":"https:\/\/eskigazeteci.com\/index.php?rest_route=\/wp\/v2\/posts"}],"about":[{"href":"https:\/\/eskigazeteci.com\/index.php?rest_route=\/wp\/v2\/types\/post"}],"author":[{"embeddable":true,"href":"https:\/\/eskigazeteci.com\/index.php?rest_route=\/wp\/v2\/users\/2"}],"replies":[{"embeddable":true,"href":"https:\/\/eskigazeteci.com\/index.php?rest_route=%2Fwp%2Fv2%2Fcomments&post=29554"}],"version-history":[{"count":0,"href":"https:\/\/eskigazeteci.com\/index.php?rest_route=\/wp\/v2\/posts\/29554\/revisions"}],"wp:featuredmedia":[{"embeddable":true,"href":"https:\/\/eskigazeteci.com\/index.php?rest_route=\/wp\/v2\/media\/29553"}],"wp:attachment":[{"href":"https:\/\/eskigazeteci.com\/index.php?rest_route=%2Fwp%2Fv2%2Fmedia&parent=29554"}],"wp:term":[{"taxonomy":"category","embeddable":true,"href":"https:\/\/eskigazeteci.com\/index.php?rest_route=%2Fwp%2Fv2%2Fcategories&post=29554"},{"taxonomy":"post_tag","embeddable":true,"href":"https:\/\/eskigazeteci.com\/index.php?rest_route=%2Fwp%2Fv2%2Ftags&post=29554"}],"curies":[{"name":"wp","href":"https:\/\/api.w.org\/{rel}","templated":true}]}}