{"id":29516,"date":"2026-04-27T09:31:05","date_gmt":"2026-04-27T09:31:05","guid":{"rendered":"https:\/\/eskigazeteci.com\/?p=29516"},"modified":"2026-04-27T09:31:05","modified_gmt":"2026-04-27T09:31:05","slug":"taksim-metrosu-kararini-oncelenebilir","status":"publish","type":"post","link":"https:\/\/eskigazeteci.com\/?p=29516","title":{"rendered":"Taksim Metrosu Karar\u0131n\u0131 \u00d6ncelenebilir"},"content":{"rendered":"<p>\u0130stanbul Valili\u011fi&#x27;nin Taksim Metrosu karar\u0131 duyurusu \u0130stanbul&#x27;u sevindiren insanlar\u0131 destekledi. Karar\u0131n kapsam\u0131 alt\u0131nda F\u00fcnik\u00fcler hatt\u0131 ve M2 Yenikap\u0131-Hac\u0131osman Metro Hatt\u0131&#x27;n\u0131n kapal\u0131 olarak b\u0131rak\u0131ld\u0131. Sabah saatlerinden itibaren, Taksim y\u00f6n\u00fcne giden metroya binen yolcular, istasyon i\u00e7i anonslar\u0131 ve dijital tabelalar arac\u0131l\u0131\u011f\u0131yla karar\u0131n etkilerini \u00f6\u011freniyor.<\/p>\n","protected":false},"excerpt":{"rendered":"<p>\u0130stanbul Valili\u011fi taraf\u0131ndan duyurulan karar\u0131n etkileri yo\u011funla\u015fan insanlarla ilgili geli\u015fmelerin sona geldi\u011fini s\u00f6yl\u00fcyor.<\/p>\n","protected":false},"author":2,"featured_media":29515,"comment_status":"open","ping_status":"open","sticky":false,"template":"","format":"standard","meta":{"footnotes":""},"categories":[8,6,5],"tags":[],"class_list":["post-29516","post","type-post","status-publish","format-standard","has-post-thumbnail","hentry","category-arsiv","category-gundem","category-son-dakika"],"_links":{"self":[{"href":"https:\/\/eskigazeteci.com\/index.php?rest_route=\/wp\/v2\/posts\/29516","targetHints":{"allow":["GET"]}}],"collection":[{"href":"https:\/\/eskigazeteci.com\/index.php?rest_route=\/wp\/v2\/posts"}],"about":[{"href":"https:\/\/eskigazeteci.com\/index.php?rest_route=\/wp\/v2\/types\/post"}],"author":[{"embeddable":true,"href":"https:\/\/eskigazeteci.com\/index.php?rest_route=\/wp\/v2\/users\/2"}],"replies":[{"embeddable":true,"href":"https:\/\/eskigazeteci.com\/index.php?rest_route=%2Fwp%2Fv2%2Fcomments&post=29516"}],"version-history":[{"count":0,"href":"https:\/\/eskigazeteci.com\/index.php?rest_route=\/wp\/v2\/posts\/29516\/revisions"}],"wp:featuredmedia":[{"embeddable":true,"href":"https:\/\/eskigazeteci.com\/index.php?rest_route=\/wp\/v2\/media\/29515"}],"wp:attachment":[{"href":"https:\/\/eskigazeteci.com\/index.php?rest_route=%2Fwp%2Fv2%2Fmedia&parent=29516"}],"wp:term":[{"taxonomy":"category","embeddable":true,"href":"https:\/\/eskigazeteci.com\/index.php?rest_route=%2Fwp%2Fv2%2Fcategories&post=29516"},{"taxonomy":"post_tag","embeddable":true,"href":"https:\/\/eskigazeteci.com\/index.php?rest_route=%2Fwp%2Fv2%2Ftags&post=29516"}],"curies":[{"name":"wp","href":"https:\/\/api.w.org\/{rel}","templated":true}]}}