{"id":29514,"date":"2026-04-27T09:26:16","date_gmt":"2026-04-27T09:26:16","guid":{"rendered":"https:\/\/eskigazeteci.com\/?p=29514"},"modified":"2026-04-27T09:26:16","modified_gmt":"2026-04-27T09:26:16","slug":"gazeteciler-farkindalik-olusturmak-icin-yaklasma-dedi","status":"publish","type":"post","link":"https:\/\/eskigazeteci.com\/?p=29514","title":{"rendered":"Gazeteciler, fark\u0131ndal\u0131k olu\u015fturmak i\u00e7in &#8216;Yakla\u015fma&#8217; dedi"},"content":{"rendered":"<p>\u0130\u00e7i\u015fleri Bakanl\u0131\u011f\u0131, Sivil Toplumla \u0130li\u015fkiler Genel M\u00fcd\u00fcrl\u00fc\u011f\u00fc, Anadolu Yay\u0131nc\u0131lar Derne\u011fi, T\u00fcrkiye Bas\u0131n Federasyonu, \u00f6nc\u00fcl\u00fc\u011f\u00fcnde Uyu\u015fturucu ile M\u00fccadelede Medyan\u0131n Rol\u00fc program\u0131 kapsam\u0131nda ba\u011f\u0131ml\u0131l\u0131\u011fa dikkat \u00e7ekmek ve t\u00fcm topluma mesaj vermek i\u00e7in gazeteciler \u201cYakla\u015fma\u201d dediler. Gazeteciler, S\u00fcmeyye Baltac\u0131, Fulya \u00d6zt\u00fcrk, Murat \u00c7i\u00e7ek, Melisa Ba\u011fc\u0131, Ba\u015fak \u015eeng\u00fcl, Burcu Kaya, Kadir Y\u0131ld\u0131z, Erdo\u011fan Akta\u015f, Murat Alan, \u00d6zlem G\u00fcrses, H\u00fcseyin Liko\u011flu, Taha Da\u011fl\u0131, Mehmet Acet, Beng\u00fc Kantekin, Muhammet Bayram, Ekrem K\u0131z\u0131lta\u015f, Fadime \u00d6zkan, Hasan \u00d6zt\u00fcrk, Nev\u015fin Meng\u00fc, Fatih Atik, Hande F\u0131rat, Sinan Burhan Uyu\u015fturucu ile m\u00fccadelede toplumsal fark\u0131ndal\u0131\u011f\u0131 art\u0131rmak ve medyan\u0131n bu konudaki sorumluluklar\u0131n\u0131 hat\u0131rlatmak i\u00e7in kamera kar\u015f\u0131s\u0131na ge\u00e7tiler.<\/p>\n<p>Konuyla ilgili a\u00e7\u0131klama yapan T\u00fcrkiye Bas\u0131n Federasyonu Ba\u015fkan\u0131 Sinan Burhan bu \u00f6nemli soruna gazetecilerin tamam\u0131n\u0131n kat\u0131lmas\u0131 \u00f6nemlidir farkl\u0131 siyasi g\u00f6r\u00fc\u015flere sahip gazeteciler uyu\u015fturucuyla m\u00fccadelede bir araya gelmi\u015flerdir. Hepsine te\u015fekk\u00fcr ederim dedi.<\/p>\n<p>\u201cYakla\u015fma\u201d slogan\u0131 ile ba\u015flat\u0131lan bu kampanyaya \u00e7ok say\u0131da isim birbirinden dikkat \u00e7ekici mesajlarla kat\u0131ld\u0131.<\/p>\n<p>\u201cBir kereden \u00e7ok \u015fey olur\u201d<\/p>\n<p>\u201cBa\u011f\u0131ml\u0131 de\u011fil \u00f6zg\u00fcr ol\u201d<\/p>\n<p>\u201cSevdiklerin i\u00e7in hay\u0131r&#8230;<\/p>\n","protected":false},"excerpt":{"rendered":"<p>Uyu\u015fturucu ile M\u00fccadele konusunda bir fark\u0131ndal\u0131k olu\u015fturmak i\u00e7in T\u00fcrkiye Bas\u0131n Federasyonu t\u00fcm gazetecileri bir araya getirdi. Sosyal sorumluluk anlay\u0131\u015f\u0131&#8230;<\/p>\n","protected":false},"author":2,"featured_media":29513,"comment_status":"open","ping_status":"open","sticky":false,"template":"","format":"standard","meta":{"footnotes":""},"categories":[8,6,5],"tags":[],"class_list":["post-29514","post","type-post","status-publish","format-standard","has-post-thumbnail","hentry","category-arsiv","category-gundem","category-son-dakika"],"_links":{"self":[{"href":"https:\/\/eskigazeteci.com\/index.php?rest_route=\/wp\/v2\/posts\/29514","targetHints":{"allow":["GET"]}}],"collection":[{"href":"https:\/\/eskigazeteci.com\/index.php?rest_route=\/wp\/v2\/posts"}],"about":[{"href":"https:\/\/eskigazeteci.com\/index.php?rest_route=\/wp\/v2\/types\/post"}],"author":[{"embeddable":true,"href":"https:\/\/eskigazeteci.com\/index.php?rest_route=\/wp\/v2\/users\/2"}],"replies":[{"embeddable":true,"href":"https:\/\/eskigazeteci.com\/index.php?rest_route=%2Fwp%2Fv2%2Fcomments&post=29514"}],"version-history":[{"count":0,"href":"https:\/\/eskigazeteci.com\/index.php?rest_route=\/wp\/v2\/posts\/29514\/revisions"}],"wp:featuredmedia":[{"embeddable":true,"href":"https:\/\/eskigazeteci.com\/index.php?rest_route=\/wp\/v2\/media\/29513"}],"wp:attachment":[{"href":"https:\/\/eskigazeteci.com\/index.php?rest_route=%2Fwp%2Fv2%2Fmedia&parent=29514"}],"wp:term":[{"taxonomy":"category","embeddable":true,"href":"https:\/\/eskigazeteci.com\/index.php?rest_route=%2Fwp%2Fv2%2Fcategories&post=29514"},{"taxonomy":"post_tag","embeddable":true,"href":"https:\/\/eskigazeteci.com\/index.php?rest_route=%2Fwp%2Fv2%2Ftags&post=29514"}],"curies":[{"name":"wp","href":"https:\/\/api.w.org\/{rel}","templated":true}]}}