{"id":29512,"date":"2026-04-27T09:24:44","date_gmt":"2026-04-27T09:24:44","guid":{"rendered":"https:\/\/eskigazeteci.com\/?p=29512"},"modified":"2026-04-27T09:24:44","modified_gmt":"2026-04-27T09:24:44","slug":"ak-parti-sozcusu-celik-27-nisan-e","status":"publish","type":"post","link":"https:\/\/eskigazeteci.com\/?p=29512","title":{"rendered":"AK Parti S\u00f6zc\u00fcs\u00fc \u00c7elik, 27 Nisan e"},"content":{"rendered":"<p>\u00c7elik, \u00fczerinden 19 y\u0131l ge\u00e7en 27 Nisan e-muht\u0131ras\u0131na ili\u015fkin, AA muhabirine a\u00e7\u0131klamalarda bulundu.<\/p>\n<p>O g\u00fcnlerde askeri ve yarg\u0131 vesayetinin b\u00fct\u00fcn karanl\u0131\u011f\u0131yla Ankara&#x27;n\u0131n \u00fczerine \u00e7\u00f6kt\u00fc\u011f\u00fcn\u00fc vurgulayan \u00c7elik, o g\u00fcnleri ya\u015famayan biri i\u00e7in bug\u00fcnden bakarak o g\u00fcnleri anlaman\u0131n zor gelebilece\u011fini s\u00f6yledi.<\/p>\n<p>G\u00fcn\u00fcm\u00fczde Cumhurba\u015fkan\u0131 ba\u015fkanl\u0131\u011f\u0131nda Kabine Toplant\u0131lar\u0131n\u0131n yap\u0131ld\u0131\u011f\u0131n\u0131, bu toplant\u0131lar\u0131n siyasetin merkezinde yer ald\u0131\u011f\u0131n\u0131 ve g\u00f6zlerin bu toplant\u0131da yap\u0131lacak de\u011ferlendirmelere, al\u0131nacak kararlara \u00e7evrildi\u011fini ifade eden \u00c7elik, &quot;Ama o g\u00fcnlerde b\u00f6yle de\u011fildi. B\u00fct\u00fcn merkez, Milli G\u00fcvenlik Kurulu (MGK) toplant\u0131lar\u0131yd\u0131. \u00c7\u00fcnk\u00fc Milli G\u00fcvenlik Kurulu toplant\u0131lar\u0131, askeri vesayetin siyaset yapma alan\u0131yd\u0131.&quot; dedi.<\/p>\n<p>&quot;H\u00dcK\u00dcMET OLARAK NE KARAR ALIRSANIZ ALIN, MGK&#x27;DE ONA AYAR VER\u0130L\u0130YORDU&quot;<\/p>\n<p>\u00d6mer \u00c7elik , s\u00f6z konusu tarihlerde sistematik olarak Anayasa&#x27;n\u0131n \u00fczerine Milli G\u00fcvenlik Siyaset Belgesi&#x27;nin konuldu\u011funu, ba\u015fbakan\u0131n \u00fczerine vesayet\u00e7i bir cumhurba\u015fkanl\u0131\u011f\u0131n\u0131n kurgulanmaya \u00e7al\u0131\u015f\u0131ld\u0131\u011f\u0131n\u0131 belirterek, &quot;Se\u00e7ilmi\u015f iktidar\u0131n vatanda\u015ftan ald\u0131\u011f\u0131 oyu, siyasi iradesini kad\u00fck hale getirmek i\u00e7in Milli G\u00fcvenlik Kurulu&#x27;nda yap\u0131lan siyasetler vard\u0131. Yani siz h\u00fck\u00fcmet olarak ne karar al\u0131rsan\u0131z al\u0131n, Milli G\u00fcvenlik&#8230;<\/p>\n","protected":false},"excerpt":{"rendered":"<p>AK Parti Genel Ba\u015fkan Yard\u0131mc\u0131s\u0131 ve Parti S\u00f6zc\u00fcs\u00fc \u00d6mer \u00c7elik, askeri vesayetin, 27 Nisan 2007&#8217;de Genelkurmay Ba\u015fkanl\u0131\u011f\u0131n\u0131n internet sitesine koydu\u011fu&#8230;<\/p>\n","protected":false},"author":2,"featured_media":29511,"comment_status":"open","ping_status":"open","sticky":false,"template":"","format":"standard","meta":{"footnotes":""},"categories":[8,6,5],"tags":[],"class_list":["post-29512","post","type-post","status-publish","format-standard","has-post-thumbnail","hentry","category-arsiv","category-gundem","category-son-dakika"],"_links":{"self":[{"href":"https:\/\/eskigazeteci.com\/index.php?rest_route=\/wp\/v2\/posts\/29512","targetHints":{"allow":["GET"]}}],"collection":[{"href":"https:\/\/eskigazeteci.com\/index.php?rest_route=\/wp\/v2\/posts"}],"about":[{"href":"https:\/\/eskigazeteci.com\/index.php?rest_route=\/wp\/v2\/types\/post"}],"author":[{"embeddable":true,"href":"https:\/\/eskigazeteci.com\/index.php?rest_route=\/wp\/v2\/users\/2"}],"replies":[{"embeddable":true,"href":"https:\/\/eskigazeteci.com\/index.php?rest_route=%2Fwp%2Fv2%2Fcomments&post=29512"}],"version-history":[{"count":0,"href":"https:\/\/eskigazeteci.com\/index.php?rest_route=\/wp\/v2\/posts\/29512\/revisions"}],"wp:featuredmedia":[{"embeddable":true,"href":"https:\/\/eskigazeteci.com\/index.php?rest_route=\/wp\/v2\/media\/29511"}],"wp:attachment":[{"href":"https:\/\/eskigazeteci.com\/index.php?rest_route=%2Fwp%2Fv2%2Fmedia&parent=29512"}],"wp:term":[{"taxonomy":"category","embeddable":true,"href":"https:\/\/eskigazeteci.com\/index.php?rest_route=%2Fwp%2Fv2%2Fcategories&post=29512"},{"taxonomy":"post_tag","embeddable":true,"href":"https:\/\/eskigazeteci.com\/index.php?rest_route=%2Fwp%2Fv2%2Ftags&post=29512"}],"curies":[{"name":"wp","href":"https:\/\/api.w.org\/{rel}","templated":true}]}}