{"id":29506,"date":"2026-04-27T09:19:16","date_gmt":"2026-04-27T09:19:16","guid":{"rendered":"https:\/\/eskigazeteci.com\/?p=29506"},"modified":"2026-04-27T09:19:16","modified_gmt":"2026-04-27T09:19:16","slug":"istanbul-valiligi-duyurdu-taksim-metro-istasyonu-ikinci-bir-duyuruya-kadar-kapatildi","status":"publish","type":"post","link":"https:\/\/eskigazeteci.com\/?p=29506","title":{"rendered":"\u0130stanbul Valili\u011fi duyurdu: Taksim metro istasyonu ikinci bir duyuruya kadar kapat\u0131ld\u0131"},"content":{"rendered":"<p>\u0130stanbul Valili\u011fi&#x27;nin ald\u0131\u011f\u0131 karar do\u011frultusunda bug\u00fcn ikinci bir duyuruya kadar baz\u0131 istasyonlar kapat\u0131ld\u0131.<\/p>\n<p>\u0130stanbul Valili\u011fi taraf\u0131ndan yap\u0131lan a\u00e7\u0131klada \u015fu ifadelere yer verildi;<\/p>\n<p>&quot;M2 Yenikap\u0131-Hac\u0131osman Metro Hatt\u0131m\u0131z\u0131n Taksim istasyonu ve \u2060F1 Taksim-Kabata\u015f F\u00fcnik\u00fcler Hatt\u0131m\u0131z i\u015fletmeye kapat\u0131lm\u0131\u015ft\u0131r. Ara\u00e7lar\u0131m\u0131z Taksim istasyonunda durmayarak seferine devam edecektir.&quot; denildi.<\/p>\n<p>\u00c7ALI\u015eMA YO\u011eUNLU\u011eA NEDEN OLDU<\/p>\n<p>\u0130stanbul &#x27;da metro hatt\u0131ndaki onar\u0131m \u00e7al\u0131\u015fmas\u0131 nedeniyle Nurtepe \u0130stasyonu&#x27;nda \u0130ETT otob\u00fcslerine y\u00f6nlendirilen yolcular\u0131n olu\u015fturdu\u011fu yo\u011funluk, sokaklara ta\u015ft\u0131.<\/p>\n<p>M7 Y\u0131ld\u0131z-Mahmutbey Metro Hatt\u0131&#x27;n\u0131n Mecidiyek\u00f6y-\u00c7a\u011flayan istasyonlar\u0131 aras\u0131ndaki t\u00fcnelde, makas b\u00f6lgesinde yer alt\u0131 suyu ak\u0131\u015f\u0131 kayna\u011f\u0131ndaki art\u0131\u015f nedeniyle ba\u015flat\u0131lan \u00e7al\u0131\u015fmalar kapsam\u0131nda, ula\u015f\u0131m Nurtepe-Mecidiyek\u00f6y aras\u0131nda \u00fccretsiz \u0130ETT seferleriyle sa\u011flan\u0131yor.<\/p>\n<p>Bu kapsamda metro g\u00f6revlileri Nurtepe \u0130stasyonu&#x27;nda inen yolcular\u0131 otob\u00fcslere y\u00f6nlendiriyor. Otob\u00fcslere binmek i\u00e7in s\u0131ra bekleyen yolcular metrelerce kuyruk olu\u015fturdu. B\u00f6lgedeki yo\u011funluk, Sokullu, Osmanpa\u015fa, Sedef ve Ar\u0131 caddeleri ile baz\u0131 ara sokaklara kadar ula\u015ft\u0131.<\/p>\n<p>Olu\u015fan uzun kuyruk, b\u00f6lgedeki ara\u00e7 trafi\u011fini de aksatt\u0131.<\/p>\n<p>T\u00fcrkiye g\u00fcndeminden son&#8230;<\/p>\n","protected":false},"excerpt":{"rendered":"<p>Metro \u0130stanbul, Yenikap\u0131-Hac\u0131osman metro hatt\u0131n\u0131n Taksim istasyonu ile ve F1 Taksim-Kabata\u015f F\u00fcnik\u00fcler hatt\u0131n\u0131n Valili\u011fin karar\u0131 do\u011frultusunda ikinci bir&#8230;<\/p>\n","protected":false},"author":2,"featured_media":29505,"comment_status":"open","ping_status":"open","sticky":false,"template":"","format":"standard","meta":{"footnotes":""},"categories":[8,6,5],"tags":[],"class_list":["post-29506","post","type-post","status-publish","format-standard","has-post-thumbnail","hentry","category-arsiv","category-gundem","category-son-dakika"],"_links":{"self":[{"href":"https:\/\/eskigazeteci.com\/index.php?rest_route=\/wp\/v2\/posts\/29506","targetHints":{"allow":["GET"]}}],"collection":[{"href":"https:\/\/eskigazeteci.com\/index.php?rest_route=\/wp\/v2\/posts"}],"about":[{"href":"https:\/\/eskigazeteci.com\/index.php?rest_route=\/wp\/v2\/types\/post"}],"author":[{"embeddable":true,"href":"https:\/\/eskigazeteci.com\/index.php?rest_route=\/wp\/v2\/users\/2"}],"replies":[{"embeddable":true,"href":"https:\/\/eskigazeteci.com\/index.php?rest_route=%2Fwp%2Fv2%2Fcomments&post=29506"}],"version-history":[{"count":0,"href":"https:\/\/eskigazeteci.com\/index.php?rest_route=\/wp\/v2\/posts\/29506\/revisions"}],"wp:featuredmedia":[{"embeddable":true,"href":"https:\/\/eskigazeteci.com\/index.php?rest_route=\/wp\/v2\/media\/29505"}],"wp:attachment":[{"href":"https:\/\/eskigazeteci.com\/index.php?rest_route=%2Fwp%2Fv2%2Fmedia&parent=29506"}],"wp:term":[{"taxonomy":"category","embeddable":true,"href":"https:\/\/eskigazeteci.com\/index.php?rest_route=%2Fwp%2Fv2%2Fcategories&post=29506"},{"taxonomy":"post_tag","embeddable":true,"href":"https:\/\/eskigazeteci.com\/index.php?rest_route=%2Fwp%2Fv2%2Ftags&post=29506"}],"curies":[{"name":"wp","href":"https:\/\/api.w.org\/{rel}","templated":true}]}}