{"id":29498,"date":"2026-04-27T09:13:04","date_gmt":"2026-04-27T09:13:04","guid":{"rendered":"https:\/\/eskigazeteci.com\/?p=29498"},"modified":"2026-04-27T09:13:04","modified_gmt":"2026-04-27T09:13:04","slug":"gunluk-burc-yorumlari-27-nisan-2026","status":"publish","type":"post","link":"https:\/\/eskigazeteci.com\/?p=29498","title":{"rendered":"G\u00fcnl\u00fck Bur\u00e7 Yorumlar\u0131 27 Nisan 2026"},"content":{"rendered":"<p>Zihnini sadele\u015ftir, biraz ruhun nefes als\u0131n.<\/p>\n<p>Ay, Ba\u015fak burcunda ilerliyor. Detaylara odaklan ama kendine de \u015fefkat g\u00f6ster.<\/p>\n<p>Motivasyon S\u00f6z\u00fc: &quot;B\u00fcy\u00fck s\u00f6zler vermek yerine k\u00fc\u00e7\u00fck ama ger\u00e7ek ad\u0131mlar at; hayat abart\u0131y\u0131 de\u011fil, sadakati \u00f6d\u00fcllendirir.&quot;<\/p>\n<p>27 Nisan Ko\u00e7 burcu yorumu<\/p>\n<p>S\u00f6zc\u00fcklerinizi \u00f6zenle se\u00e7erek, sadece ger\u00e7ekten yapabilece\u011finiz kadar\u0131n\u0131 \u00fcstlendi\u011finizde insanlar\u0131n size duydu\u011fu g\u00fcveni \u00e7ok daha sa\u011flamla\u015ft\u0131r\u0131rs\u0131n\u0131z.<\/p>\n<p>KO\u00c7 BURCU G\u00dcNL\u00dcK BUR\u00c7 YORUMUNUN DEVAMI \u0130\u00c7\u0130N TIKLAYIN!<\/p>\n<p>27 Nisan Bo\u011fa burcu yorumu<\/p>\n<p>Heyecan\u0131n\u0131z\u0131 dizginleyip, fikirlerinizi \u00e7ok daha ger\u00e7ek\u00e7i ve uygulanabilir temeller \u00fczerine oturtarak sunman\u0131z size b\u00fcy\u00fck bir avantaj sa\u011flayacakt\u0131r.<\/p>\n<p>BO\u011eA BURCU G\u00dcNL\u00dcK BUR\u00c7 YORUMUNUN DEVAMI \u0130\u00c7\u0130N TIKLAYIN!<\/p>\n<p>27 Nisan \u0130kizler burcu yorumu<\/p>\n<p>Elinizdeki kaynaklar\u0131 abart\u0131l\u0131 bir iyimserlikle harcaman\u0131n asl\u0131nda finansal \u00f6zg\u00fcrl\u00fc\u011f\u00fcn\u00fcz\u00fc k\u0131s\u0131tlayacak b\u00fcy\u00fck bir risk oldu\u011funu kendinize hat\u0131rlatmal\u0131s\u0131n\u0131z.<\/p>\n<p>\u0130K\u0130ZLER BURCU G\u00dcNL\u00dcK BUR\u00c7 YORUMUNUN DEVAMI \u0130\u00c7\u0130N TIKLAYIN!<\/p>\n<p>27 Nisan Yenge\u00e7 burcu yorumu<\/p>\n<p>Kendi hislerinizi merkeze al\u0131rken kar\u015f\u0131n\u0131zdaki insan\u0131n niyetini yanl\u0131\u015f anlad\u0131\u011f\u0131n\u0131z\u0131 ve olaylar\u0131 gere\u011finden fazla b\u00fcy\u00fctt\u00fc\u011f\u00fcn\u00fcz\u00fc fark etmelisiniz.<\/p>\n<p>YENGE\u00c7 BURCU G\u00dcNL\u00dcK BUR\u00c7 YORUMUNUN DEVAMI \u0130\u00c7\u0130N TIKLAYIN!<\/p>\n<p>27&#8230;<\/p>\n","protected":false},"excerpt":{"rendered":"<p>G\u00fcnl\u00fck bur\u00e7 yorumlar\u0131 27 Nisan 2026 Ayg\u00fcl Ayd\u0131n yorumlar\u0131yla payla\u015f\u0131ld\u0131. Ay, Ba\u015fak burcunda ilerliyor. Bug\u00fcn a\u015fk, aile, sa\u011fl\u0131k, kariyer ve para konular\u0131nda&#8230;<\/p>\n","protected":false},"author":2,"featured_media":29497,"comment_status":"open","ping_status":"open","sticky":false,"template":"","format":"standard","meta":{"footnotes":""},"categories":[8,6,5],"tags":[],"class_list":["post-29498","post","type-post","status-publish","format-standard","has-post-thumbnail","hentry","category-arsiv","category-gundem","category-son-dakika"],"_links":{"self":[{"href":"https:\/\/eskigazeteci.com\/index.php?rest_route=\/wp\/v2\/posts\/29498","targetHints":{"allow":["GET"]}}],"collection":[{"href":"https:\/\/eskigazeteci.com\/index.php?rest_route=\/wp\/v2\/posts"}],"about":[{"href":"https:\/\/eskigazeteci.com\/index.php?rest_route=\/wp\/v2\/types\/post"}],"author":[{"embeddable":true,"href":"https:\/\/eskigazeteci.com\/index.php?rest_route=\/wp\/v2\/users\/2"}],"replies":[{"embeddable":true,"href":"https:\/\/eskigazeteci.com\/index.php?rest_route=%2Fwp%2Fv2%2Fcomments&post=29498"}],"version-history":[{"count":0,"href":"https:\/\/eskigazeteci.com\/index.php?rest_route=\/wp\/v2\/posts\/29498\/revisions"}],"wp:featuredmedia":[{"embeddable":true,"href":"https:\/\/eskigazeteci.com\/index.php?rest_route=\/wp\/v2\/media\/29497"}],"wp:attachment":[{"href":"https:\/\/eskigazeteci.com\/index.php?rest_route=%2Fwp%2Fv2%2Fmedia&parent=29498"}],"wp:term":[{"taxonomy":"category","embeddable":true,"href":"https:\/\/eskigazeteci.com\/index.php?rest_route=%2Fwp%2Fv2%2Fcategories&post=29498"},{"taxonomy":"post_tag","embeddable":true,"href":"https:\/\/eskigazeteci.com\/index.php?rest_route=%2Fwp%2Fv2%2Ftags&post=29498"}],"curies":[{"name":"wp","href":"https:\/\/api.w.org\/{rel}","templated":true}]}}