{"id":29494,"date":"2026-04-27T09:01:30","date_gmt":"2026-04-27T09:01:30","guid":{"rendered":"https:\/\/eskigazeteci.com\/?p=29494"},"modified":"2026-04-27T09:01:30","modified_gmt":"2026-04-27T09:01:30","slug":"alzheimer-hastalari-icin-fotografli-hatirlatma-terapisi","status":"publish","type":"post","link":"https:\/\/eskigazeteci.com\/?p=29494","title":{"rendered":"Alzheimer hastalar\u0131 i\u00e7in foto\u011frafl\u0131 hat\u0131rlatma terapisi"},"content":{"rendered":"<p>Belediye ve hay\u0131rsever i\u015fbirli\u011finde 2024&#x27;te kurulan merkeze gelen 32 ya\u015fl\u0131ya, belirli g\u00fcnlerde sosyal hizmet uzman\u0131, hem\u015fire, gerontolog (ya\u015fl\u0131l\u0131kla ilgili uzman hekim), ergoterapist (i\u015f ve u\u011fra\u015f\u0131 terapisti), ya\u015fl\u0131 bak\u0131m personeli ve antren\u00f6rlerden olu\u015fan 10 ki\u015filik ekiple hizmet veriliyor.<\/p>\n<p>Belediye ve hay\u0131rsever i\u015fbirli\u011finde 2024&#x27;te kurulan merkeze gelen 32 ya\u015fl\u0131ya, belirli g\u00fcnlerde sosyal hizmet uzman\u0131, hem\u015fire, gerontolog (ya\u015fl\u0131l\u0131kla ilgili uzman hekim), ergoterapist (i\u015f ve u\u011fra\u015f\u0131 terapisti), ya\u015fl\u0131 bak\u0131m personeli ve antren\u00f6rlerden olu\u015fan 10 ki\u015filik ekiple hizmet veriliyor.<\/p>\n<p>Hastal\u0131klar\u0131n\u0131n derecelerine g\u00f6re \u00e7e\u015fitli y\u00f6ntemlerle tedavi g\u00f6ren ya\u015fl\u0131lar, Alzheimer hastal\u0131\u011f\u0131na y\u00f6nelik &quot;foto\u011frafl\u0131 hat\u0131rlatma&quot; terapisi de al\u0131yor. Hastalara, klinikte olu\u015fturulan \u00f6zel odada yap\u0131lan 45 dakikal\u0131k seanslarda kendilerine ait foto\u011fraflarla ilgili sorular y\u00f6neltiliyor.<\/p>\n<p>Hastal\u0131klar\u0131n\u0131n derecelerine g\u00f6re \u00e7e\u015fitli y\u00f6ntemlerle tedavi g\u00f6ren ya\u015fl\u0131lar, Alzheimer hastal\u0131\u011f\u0131na y\u00f6nelik &quot;foto\u011frafl\u0131 hat\u0131rlatma&quot; terapisi de al\u0131yor. Hastalara, klinikte olu\u015fturulan \u00f6zel odada yap\u0131lan 45 dakikal\u0131k seanslarda kendilerine ait foto\u011fraflarla ilgili sorular y\u00f6neltiliyor.<\/p>\n<p>Ki\u015filerin ge\u00e7mi\u015finden kendileri,&#8230;<\/p>\n","protected":false},"excerpt":{"rendered":"<p>D\u00fczce Belediyesi Ertan U\u00e7ar Alzheimer Hastalar\u0131 G\u00fcnd\u00fcz Bak\u0131m Merkezi&#8217;nde hizmet alan ya\u015fl\u0131lar, uzman ekip e\u015fli\u011finde ger\u00e7ekle\u015ftirilen g\u00fcnl\u00fck aktivitelerle&#8230;<\/p>\n","protected":false},"author":2,"featured_media":29493,"comment_status":"open","ping_status":"open","sticky":false,"template":"","format":"standard","meta":{"footnotes":""},"categories":[8,6,5],"tags":[],"class_list":["post-29494","post","type-post","status-publish","format-standard","has-post-thumbnail","hentry","category-arsiv","category-gundem","category-son-dakika"],"_links":{"self":[{"href":"https:\/\/eskigazeteci.com\/index.php?rest_route=\/wp\/v2\/posts\/29494","targetHints":{"allow":["GET"]}}],"collection":[{"href":"https:\/\/eskigazeteci.com\/index.php?rest_route=\/wp\/v2\/posts"}],"about":[{"href":"https:\/\/eskigazeteci.com\/index.php?rest_route=\/wp\/v2\/types\/post"}],"author":[{"embeddable":true,"href":"https:\/\/eskigazeteci.com\/index.php?rest_route=\/wp\/v2\/users\/2"}],"replies":[{"embeddable":true,"href":"https:\/\/eskigazeteci.com\/index.php?rest_route=%2Fwp%2Fv2%2Fcomments&post=29494"}],"version-history":[{"count":0,"href":"https:\/\/eskigazeteci.com\/index.php?rest_route=\/wp\/v2\/posts\/29494\/revisions"}],"wp:featuredmedia":[{"embeddable":true,"href":"https:\/\/eskigazeteci.com\/index.php?rest_route=\/wp\/v2\/media\/29493"}],"wp:attachment":[{"href":"https:\/\/eskigazeteci.com\/index.php?rest_route=%2Fwp%2Fv2%2Fmedia&parent=29494"}],"wp:term":[{"taxonomy":"category","embeddable":true,"href":"https:\/\/eskigazeteci.com\/index.php?rest_route=%2Fwp%2Fv2%2Fcategories&post=29494"},{"taxonomy":"post_tag","embeddable":true,"href":"https:\/\/eskigazeteci.com\/index.php?rest_route=%2Fwp%2Fv2%2Ftags&post=29494"}],"curies":[{"name":"wp","href":"https:\/\/api.w.org\/{rel}","templated":true}]}}