{"id":29456,"date":"2026-04-27T07:41:32","date_gmt":"2026-04-27T07:41:32","guid":{"rendered":"https:\/\/eskigazeteci.com\/?p=29456"},"modified":"2026-04-27T07:41:32","modified_gmt":"2026-04-27T07:41:32","slug":"girgiriye-seyircinin-gonlunu-aldi","status":"publish","type":"post","link":"https:\/\/eskigazeteci.com\/?p=29456","title":{"rendered":"G\u0131rg\u0131riye seyircinin g\u00f6nl\u00fcn\u00fc ald\u0131"},"content":{"rendered":"<p>M\u00fcjdat Gezen imzal\u0131 \u201c G\u0131rg\u0131riye M\u00fczikali \u201dnin 21 Nisan\u2019da \u0130stanbul Kongre Merkezi\u2019ndeki temsilinde kriz \u00e7\u0131km\u0131\u015ft\u0131. Bir kad\u0131n, VIP bileti almas\u0131na ra\u011fmen sahneyi g\u00f6remedi\u011fi gerek\u00e7esiyle oyuna m\u00fcdahale etmi\u015f, M\u00fcjdat Gezen kad\u0131nla ya\u015fad\u0131\u011f\u0131 tart\u0131\u015fman\u0131n ard\u0131ndan fenala\u015farak hastaneye kald\u0131r\u0131lm\u0131\u015f ve salondaki seyircilere m\u00fczikalin ertelendi\u011fi a\u00e7\u0131klanm\u0131\u015ft\u0131.<\/p>\n<p>SANDALYE G\u0130TT\u0130 KOLTUK GELD\u0130<\/p>\n<p>O geceye bilet alan seyirciler, m\u00fczikali \u00f6nceki ak\u015fam izleyebildi. VIP b\u00f6l\u00fcm\u00fcndekiler, \u00f6nceki oyunda krize yol a\u00e7an plastik sandalyeler yerine koltu\u011fa oturdu. \u00dcstelik koltuklar, sahnenin daha iyi g\u00f6r\u00fclebilmesi i\u00e7in M\u00fcjdat Gezen\u2019in \u00f6nerisiyle platformla y\u00fckseltilmi\u015fti. Ayr\u0131ca salondaki 3 bin 250 koltu\u011fun t\u00fcm\u00fcne M\u00fcjdat Gezen ile Perran Kutman \u2019\u0131n imzas\u0131n\u0131 ta\u015f\u0131yan m\u00fczikal posterleri konulmu\u015ftu. Jestlerden ve m\u00fczikalden memnun kalan seyirci, gecenin sonunda oyuncu kadrosunu ayakta alk\u0131\u015flad\u0131.<\/p>\n<p>O ABLANIN KOLTU\u011eUNA \u00c7ELENK BIRAKTIK<\/p>\n<p>M\u00fczikalde Bayram karakterini canland\u0131ran Ceyhun Fersoy, ya\u015fanan krizle ilgili \u015funlar\u0131 s\u00f6yledi: \u201c2004 y\u0131l\u0131ndan beri sahnedeyim, daha \u00f6nce b\u00f6yle bir \u015fey g\u00f6rmedim. Oyun oynan\u0131rken sahnede dans eden dans\u00e7\u0131lar\u0131n pa\u00e7as\u0131ndan tutmak, sahneye \u00e7\u0131kmak ne demek? Can\u0131 sa\u011f olsun. Ke\u015fke bu ak\u015fam o&#8230;<\/p>\n","protected":false},"excerpt":{"rendered":"<p>\u201cG\u0131rg\u0131riye M\u00fczikali\u201dnin 21 Nisan\u2019da iptal edilen temsili \u00f6nceki ak\u015fam sahnelendi. Ekip, \u00f6zel jestlerle seyircinin g\u00f6nl\u00fcn\u00fc almay\u0131 ba\u015fard\u0131.<\/p>\n","protected":false},"author":2,"featured_media":29455,"comment_status":"open","ping_status":"open","sticky":false,"template":"","format":"standard","meta":{"footnotes":""},"categories":[8,6,5],"tags":[],"class_list":["post-29456","post","type-post","status-publish","format-standard","has-post-thumbnail","hentry","category-arsiv","category-gundem","category-son-dakika"],"_links":{"self":[{"href":"https:\/\/eskigazeteci.com\/index.php?rest_route=\/wp\/v2\/posts\/29456","targetHints":{"allow":["GET"]}}],"collection":[{"href":"https:\/\/eskigazeteci.com\/index.php?rest_route=\/wp\/v2\/posts"}],"about":[{"href":"https:\/\/eskigazeteci.com\/index.php?rest_route=\/wp\/v2\/types\/post"}],"author":[{"embeddable":true,"href":"https:\/\/eskigazeteci.com\/index.php?rest_route=\/wp\/v2\/users\/2"}],"replies":[{"embeddable":true,"href":"https:\/\/eskigazeteci.com\/index.php?rest_route=%2Fwp%2Fv2%2Fcomments&post=29456"}],"version-history":[{"count":0,"href":"https:\/\/eskigazeteci.com\/index.php?rest_route=\/wp\/v2\/posts\/29456\/revisions"}],"wp:featuredmedia":[{"embeddable":true,"href":"https:\/\/eskigazeteci.com\/index.php?rest_route=\/wp\/v2\/media\/29455"}],"wp:attachment":[{"href":"https:\/\/eskigazeteci.com\/index.php?rest_route=%2Fwp%2Fv2%2Fmedia&parent=29456"}],"wp:term":[{"taxonomy":"category","embeddable":true,"href":"https:\/\/eskigazeteci.com\/index.php?rest_route=%2Fwp%2Fv2%2Fcategories&post=29456"},{"taxonomy":"post_tag","embeddable":true,"href":"https:\/\/eskigazeteci.com\/index.php?rest_route=%2Fwp%2Fv2%2Ftags&post=29456"}],"curies":[{"name":"wp","href":"https:\/\/api.w.org\/{rel}","templated":true}]}}