{"id":29452,"date":"2026-04-27T07:35:59","date_gmt":"2026-04-27T07:35:59","guid":{"rendered":"https:\/\/eskigazeteci.com\/?p=29452"},"modified":"2026-04-27T07:35:59","modified_gmt":"2026-04-27T07:35:59","slug":"trumpin-saldiriya-ugradigi-yemekte-guvenlik-acigi-tespit-edildi","status":"publish","type":"post","link":"https:\/\/eskigazeteci.com\/?p=29452","title":{"rendered":"Trump&#8217;\u0131n sald\u0131r\u0131ya u\u011frad\u0131\u011f\u0131 yemekte g\u00fcvenlik a\u00e7\u0131\u011f\u0131 tespit edildi"},"content":{"rendered":"<p>ABD Ba\u015fkan\u0131 Donald Trump ile \u00e7ok say\u0131da \u00fcst d\u00fczey yetkilinin kat\u0131ld\u0131\u011f\u0131 Beyaz Saray Muhabirleri Derne\u011fi (WHCA) yeme\u011fine, federal kaynaklar\u0131n tam kapasite kullan\u0131lmas\u0131n\u0131 sa\u011flayacak en y\u00fcksek g\u00fcvenlik stat\u00fcs\u00fcn\u00fcn verilmedi\u011fi iddia edildi.<\/p>\n<p>Washington Post&#x27;un konuya a\u015fina ve ismini a\u00e7\u0131klamak istemeyen yetkililere dayand\u0131rd\u0131\u011f\u0131 habere g\u00f6re, Trump ve bir\u00e7ok kabine \u00fcyesinin kat\u0131ld\u0131\u011f\u0131 Washington Hilton Oteli&#x27;ndeki yeme\u011fe federal kaynaklar\u0131n tam kapasite kullan\u0131lmas\u0131n\u0131 sa\u011flayacak en y\u00fcksek g\u00fcvenlik stat\u00fcs\u00fc verilmedi.<\/p>\n<p>Yetkililer, Trump ile \u00e7ok say\u0131da \u00fcst d\u00fczey ismin Beyaz Saray Muhabirleri Derne\u011fi taraf\u0131ndan d\u00fczenlenen yeme\u011fe kat\u0131laca\u011f\u0131n\u0131n bilinmesine ra\u011fmen, etkinlikte di\u011fer \u00fcst d\u00fczey resmi toplant\u0131lara k\u0131yasla daha d\u00fc\u015f\u00fck seviyede g\u00fcvenlik \u00f6nlemleri uyguland\u0131\u011f\u0131n\u0131 kaydetti.<\/p>\n<p>ABD \u0130\u00e7 G\u00fcvenlik Bakanl\u0131\u011f\u0131n\u0131n genellikle ba\u015fkanl\u0131k yemin t\u00f6reni gibi resmi etkinliklere &quot;Ulusal \u00d6zel G\u00fcvenlik Etkinli\u011fi&quot; stat\u00fcs\u00fc verdi\u011fini ifade eden yetkililer, s\u00f6z konusu yemekte b\u00f6yle bir tan\u0131mlama yap\u0131lmad\u0131\u011f\u0131n\u0131 bildirdi.<\/p>\n<p>Olay\u0131n haz\u0131rl\u0131klar\u0131 hakk\u0131nda bilgi sahibi olan ancak ismini belirtmek istemeyen bir h\u00fck\u00fcmet yetkilisi ise &quot;Ulusal \u00d6zel G\u00fcvenlik Etkinli\u011fi&quot; stat\u00fcs\u00fcn\u00fcn genellikle ba\u015fkan ve \u00fcst d\u00fczey kabine&#8230;<\/p>\n","protected":false},"excerpt":{"rendered":"<p>ABD&#8217;li \u00fcst d\u00fczey yetkililerin hedef al\u0131nd\u0131\u011f\u0131 Beyaz Saray Muhabirleri Derne\u011fi&#8217;nin (WHCA) yeme\u011fine en y\u00fcksek g\u00fcvenlik stat\u00fcs\u00fc tan\u0131nmad\u0131\u011f\u0131 \u00f6ne s\u00fcr\u00fcld\u00fc&#8230;.<\/p>\n","protected":false},"author":2,"featured_media":29451,"comment_status":"open","ping_status":"open","sticky":false,"template":"","format":"standard","meta":{"footnotes":""},"categories":[8,6,5],"tags":[],"class_list":["post-29452","post","type-post","status-publish","format-standard","has-post-thumbnail","hentry","category-arsiv","category-gundem","category-son-dakika"],"_links":{"self":[{"href":"https:\/\/eskigazeteci.com\/index.php?rest_route=\/wp\/v2\/posts\/29452","targetHints":{"allow":["GET"]}}],"collection":[{"href":"https:\/\/eskigazeteci.com\/index.php?rest_route=\/wp\/v2\/posts"}],"about":[{"href":"https:\/\/eskigazeteci.com\/index.php?rest_route=\/wp\/v2\/types\/post"}],"author":[{"embeddable":true,"href":"https:\/\/eskigazeteci.com\/index.php?rest_route=\/wp\/v2\/users\/2"}],"replies":[{"embeddable":true,"href":"https:\/\/eskigazeteci.com\/index.php?rest_route=%2Fwp%2Fv2%2Fcomments&post=29452"}],"version-history":[{"count":0,"href":"https:\/\/eskigazeteci.com\/index.php?rest_route=\/wp\/v2\/posts\/29452\/revisions"}],"wp:featuredmedia":[{"embeddable":true,"href":"https:\/\/eskigazeteci.com\/index.php?rest_route=\/wp\/v2\/media\/29451"}],"wp:attachment":[{"href":"https:\/\/eskigazeteci.com\/index.php?rest_route=%2Fwp%2Fv2%2Fmedia&parent=29452"}],"wp:term":[{"taxonomy":"category","embeddable":true,"href":"https:\/\/eskigazeteci.com\/index.php?rest_route=%2Fwp%2Fv2%2Fcategories&post=29452"},{"taxonomy":"post_tag","embeddable":true,"href":"https:\/\/eskigazeteci.com\/index.php?rest_route=%2Fwp%2Fv2%2Ftags&post=29452"}],"curies":[{"name":"wp","href":"https:\/\/api.w.org\/{rel}","templated":true}]}}