{"id":29450,"date":"2026-04-27T07:34:27","date_gmt":"2026-04-27T07:34:27","guid":{"rendered":"https:\/\/eskigazeteci.com\/?p=29450"},"modified":"2026-04-27T07:34:27","modified_gmt":"2026-04-27T07:34:27","slug":"mehmet-yalcinkaya-esim-olmasa-yapamazdim","status":"publish","type":"post","link":"https:\/\/eskigazeteci.com\/?p=29450","title":{"rendered":"Mehmet Yal\u00e7\u0131nkaya: E\u015fim olmasa yapamazd\u0131m!"},"content":{"rendered":"<p>\u00dcnl\u00fc \u015fef, \u201cYo\u011fun i\u015f ya\u015fam\u0131n\u0131zda ihmal etti\u011finiz ya da vazge\u00e7mek zorunda kald\u0131\u011f\u0131n\u0131z \u015feyler oldu mu?\u201d sorusunu \u015f\u00f6yle yan\u0131tlad\u0131:<\/p>\n<p>\u201cOldu tabii. \u00c7ocuklar\u0131m\u0131n b\u00fcy\u00fcd\u00fc\u011f\u00fcn\u00fc g\u00f6remedim. Onlarla vakit ge\u00e7irememek beni \u00e7ok \u00fcz\u00fcyor. E\u015fimin deste\u011fine ve sabr\u0131na minnettar\u0131m. E\u015fim \u00e7ocuklar\u0131mla d\u00f6rt d\u00f6rtl\u00fck ilgilenmeseydi bu i\u015fleri yapamazd\u0131m.\u201d<\/p>\n<p>T\u00fcrkiye&#x27;den ve D\u00fcnya\u2019dan son dakika haberleri, k\u00f6\u015fe yaz\u0131lar\u0131, magazinden siyasete, spordan seyahate b\u00fct\u00fcn konular\u0131n tek adresi Hurriyet.com.tr haber i\u00e7erikleri izin al\u0131nmadan, kaynak g\u00f6sterilerek dahi iktibas edilemez. Kanuna ayk\u0131r\u0131 ve izinsiz olarak kopyalanamaz, ba\u015fka yerde yay\u0131nlanamaz.<\/p>\n","protected":false},"excerpt":{"rendered":"<p>H\u00fclya Ko\u00e7yi\u011fit, \u2018Film Gibi Hayatlar\u2019 program\u0131nda Mehmet Yal\u00e7\u0131nkaya\u2019y\u0131 a\u011f\u0131rlad\u0131.<\/p>\n","protected":false},"author":2,"featured_media":29449,"comment_status":"open","ping_status":"open","sticky":false,"template":"","format":"standard","meta":{"footnotes":""},"categories":[8,6,5],"tags":[],"class_list":["post-29450","post","type-post","status-publish","format-standard","has-post-thumbnail","hentry","category-arsiv","category-gundem","category-son-dakika"],"_links":{"self":[{"href":"https:\/\/eskigazeteci.com\/index.php?rest_route=\/wp\/v2\/posts\/29450","targetHints":{"allow":["GET"]}}],"collection":[{"href":"https:\/\/eskigazeteci.com\/index.php?rest_route=\/wp\/v2\/posts"}],"about":[{"href":"https:\/\/eskigazeteci.com\/index.php?rest_route=\/wp\/v2\/types\/post"}],"author":[{"embeddable":true,"href":"https:\/\/eskigazeteci.com\/index.php?rest_route=\/wp\/v2\/users\/2"}],"replies":[{"embeddable":true,"href":"https:\/\/eskigazeteci.com\/index.php?rest_route=%2Fwp%2Fv2%2Fcomments&post=29450"}],"version-history":[{"count":0,"href":"https:\/\/eskigazeteci.com\/index.php?rest_route=\/wp\/v2\/posts\/29450\/revisions"}],"wp:featuredmedia":[{"embeddable":true,"href":"https:\/\/eskigazeteci.com\/index.php?rest_route=\/wp\/v2\/media\/29449"}],"wp:attachment":[{"href":"https:\/\/eskigazeteci.com\/index.php?rest_route=%2Fwp%2Fv2%2Fmedia&parent=29450"}],"wp:term":[{"taxonomy":"category","embeddable":true,"href":"https:\/\/eskigazeteci.com\/index.php?rest_route=%2Fwp%2Fv2%2Fcategories&post=29450"},{"taxonomy":"post_tag","embeddable":true,"href":"https:\/\/eskigazeteci.com\/index.php?rest_route=%2Fwp%2Fv2%2Ftags&post=29450"}],"curies":[{"name":"wp","href":"https:\/\/api.w.org\/{rel}","templated":true}]}}