{"id":29446,"date":"2026-04-27T07:31:22","date_gmt":"2026-04-27T07:31:22","guid":{"rendered":"https:\/\/eskigazeteci.com\/?p=29446"},"modified":"2026-04-27T07:31:22","modified_gmt":"2026-04-27T07:31:22","slug":"m7-metro-kapali-mi-calisiyor-mu-acik-mi-metro-istanbuldan-m7-metrosu-ile-ilgili-aciklama","status":"publish","type":"post","link":"https:\/\/eskigazeteci.com\/?p=29446","title":{"rendered":"M7 metro kapal\u0131 m\u0131, \u00e7al\u0131\u015f\u0131yor mu, a\u00e7\u0131k m\u0131? Metro \u0130stanbul\u2019dan M7 metrosu ile ilgili a\u00e7\u0131klama!"},"content":{"rendered":"<p>Avrupa Yakas\u0131\u2019n\u0131n stratejik noktalar\u0131n\u0131 birbirine ba\u011flayan M7 metro hatt\u0131 \u00fczerinde seyahat etmeyi planlayan \u0130stanbullular &quot;M7 metrosu \u00e7al\u0131\u015f\u0131yor mu?&quot; sorusuna yan\u0131t ar\u0131yor. \u0130stanbul genelinde rayl\u0131 sistem trafi\u011finin en kilit hatlar\u0131ndan biri kabul edilen M7 Y\u0131ld\u0131z-Mahmutbey metro hatt\u0131nda sabah saatlerinde ya\u015fanan yo\u011funluk ve sosyal medyada yay\u0131lan sefer iptali iddialar\u0131 sonras\u0131 Metro \u0130stanbul\u2019dan a\u00e7\u0131klama geldi.<\/p>\n<p>Avrupa Yakas\u0131\u2019n\u0131n stratejik noktalar\u0131n\u0131 birbirine ba\u011flayan M7 metro hatt\u0131 \u00fczerinde seyahat etmeyi planlayan \u0130stanbullular &quot;M7 metrosu \u00e7al\u0131\u015f\u0131yor mu?&quot; sorusuna yan\u0131t ar\u0131yor. \u0130stanbul genelinde rayl\u0131 sistem trafi\u011finin en kilit hatlar\u0131ndan biri kabul edilen M7 Y\u0131ld\u0131z-Mahmutbey metro hatt\u0131nda sabah saatlerinde ya\u015fanan yo\u011funluk ve sosyal medyada yay\u0131lan sefer iptali iddialar\u0131 sonras\u0131 Metro \u0130stanbul\u2019dan a\u00e7\u0131klama geldi.<\/p>\n<p>\u0130stanbul&#x27;da M7 Y\u0131ld\u0131z-Mahmutbey Metro Hatt\u0131&#x27;n\u0131n Mecidiyek\u00f6y-\u00c7a\u011flayan istasyonlar\u0131 aras\u0131ndaki onar\u0131m \u00e7al\u0131\u015fmas\u0131 nedeniyle seferlerde d\u00fczenleme yap\u0131ld\u0131\u011f\u0131 bildirildi. Metro \u0130stanbul&#x27;dan yap\u0131lan a\u00e7\u0131klamada, &quot;M7 Y\u0131ld\u0131z-Mahmutbey Metro Hatt\u0131&#x27;n\u0131n Mecidiyek\u00f6y-\u00c7a\u011flayan istasyonlar\u0131 aras\u0131ndaki t\u00fcnelde makas b\u00f6lgesinde yer alt\u0131 suyu ak\u0131\u015f\u0131 kayna\u011f\u0131ndaki art\u0131\u015f sebebiyle ray&#8230;<\/p>\n","protected":false},"excerpt":{"rendered":"<p>M7 Y\u0131ld\u0131z-Mahmutbey metro hatt\u0131n\u0131 kullanacak olan vatanda\u015flar sabah saatlerinden itibaren seferlerde bir aksama olup olmad\u0131\u011f\u0131n\u0131 merak ediyor. Metro&#8230;<\/p>\n","protected":false},"author":2,"featured_media":29445,"comment_status":"open","ping_status":"open","sticky":false,"template":"","format":"standard","meta":{"footnotes":""},"categories":[8,6,5],"tags":[],"class_list":["post-29446","post","type-post","status-publish","format-standard","has-post-thumbnail","hentry","category-arsiv","category-gundem","category-son-dakika"],"_links":{"self":[{"href":"https:\/\/eskigazeteci.com\/index.php?rest_route=\/wp\/v2\/posts\/29446","targetHints":{"allow":["GET"]}}],"collection":[{"href":"https:\/\/eskigazeteci.com\/index.php?rest_route=\/wp\/v2\/posts"}],"about":[{"href":"https:\/\/eskigazeteci.com\/index.php?rest_route=\/wp\/v2\/types\/post"}],"author":[{"embeddable":true,"href":"https:\/\/eskigazeteci.com\/index.php?rest_route=\/wp\/v2\/users\/2"}],"replies":[{"embeddable":true,"href":"https:\/\/eskigazeteci.com\/index.php?rest_route=%2Fwp%2Fv2%2Fcomments&post=29446"}],"version-history":[{"count":0,"href":"https:\/\/eskigazeteci.com\/index.php?rest_route=\/wp\/v2\/posts\/29446\/revisions"}],"wp:featuredmedia":[{"embeddable":true,"href":"https:\/\/eskigazeteci.com\/index.php?rest_route=\/wp\/v2\/media\/29445"}],"wp:attachment":[{"href":"https:\/\/eskigazeteci.com\/index.php?rest_route=%2Fwp%2Fv2%2Fmedia&parent=29446"}],"wp:term":[{"taxonomy":"category","embeddable":true,"href":"https:\/\/eskigazeteci.com\/index.php?rest_route=%2Fwp%2Fv2%2Fcategories&post=29446"},{"taxonomy":"post_tag","embeddable":true,"href":"https:\/\/eskigazeteci.com\/index.php?rest_route=%2Fwp%2Fv2%2Ftags&post=29446"}],"curies":[{"name":"wp","href":"https:\/\/api.w.org\/{rel}","templated":true}]}}