{"id":29444,"date":"2026-04-27T07:26:02","date_gmt":"2026-04-27T07:26:02","guid":{"rendered":"https:\/\/eskigazeteci.com\/?p=29444"},"modified":"2026-04-27T07:26:02","modified_gmt":"2026-04-27T07:26:02","slug":"meteoroloji-tarih-verdi-yurdun-buyuk-bolumunde-etkili-olacak-yagislar-yeniden-geliyor","status":"publish","type":"post","link":"https:\/\/eskigazeteci.com\/?p=29444","title":{"rendered":"Meteoroloji tarih verdi! Yurdun b\u00fcy\u00fck b\u00f6l\u00fcm\u00fcnde etkili olacak: Ya\u011f\u0131\u015flar yeniden geliyor"},"content":{"rendered":"<p>Nisan ay\u0131na veda ediyoruz&#8230; \u0130lkbahar mevsiminin ortas\u0131nda olsak da hava s\u0131cakl\u0131klar\u0131 yurdun geni\u015f kesiminde &#x27;ceket giydirecek&#x27; seviyelere ula\u015fmad\u0131. Meteoroloji Genel M\u00fcd\u00fcrl\u00fc\u011f\u00fc&#x27;n\u00fcn tahminlerine g\u00f6re sa\u011fanak uyar\u0131s\u0131 yap\u0131ld\u0131.<\/p>\n<p>5 g\u00fcnl\u00fck de\u011ferlendirmelere g\u00f6re cuma g\u00fcn\u00fc yurdun b\u00fcy\u00fck b\u00f6l\u00fcm\u00fcnde ya\u011f\u0131\u015f bekleniyor. \u0130stanbul \u00f6zelinde yap\u0131lan tahminlerde kentte sa\u011fanak etkili olacak. Buna g\u00f6re per\u015fembe g\u00fcn\u00fc g\u00f6kg\u00fcr\u00fclt\u00fcl\u00fc sa\u011fanak, cuma g\u00fcn\u00fc ise sa\u011fanak ya\u011f\u0131\u015f etkili olacak.<\/p>\n<p>Meteoroloji Genel M\u00fcd\u00fcrl\u00fc\u011f\u00fc taraf\u0131ndan yap\u0131lan son de\u011ferlendirmelere g\u00f6re: \u00dclkemiz genelinin par\u00e7al\u0131 ve \u00e7ok bulutlu, Orta ve Do\u011fu Akdeniz, Do\u011fu Karadeniz, Do\u011fu ve G\u00fcneydo\u011fu Anadolu ile Burdur, Karaman, Ni\u011fde, Nev\u015fehir, Aksaray, Kayseri, Sivas, Bolu, Tokat ve Ordu \u00e7evreleri ile Antalya ve Samsun&#x27;un i\u00e7 kesimlerinin aral\u0131kl\u0131 sa\u011fanak ve g\u00f6k g\u00fcr\u00fclt\u00fcl\u00fc sa\u011fanak ya\u011f\u0131\u015fl\u0131 ge\u00e7ece\u011fi tahmin ediliyor. Do\u011fu Karadeniz&#x27;in i\u00e7 kesimleri ile Do\u011fu Anadolu&#x27;da y\u00fcksek kar \u00f6rt\u00fcs\u00fcne sahip e\u011fimli alanlarda \u00e7\u0131\u011f ve kar erimesi tehlikesi bulunmaktad\u0131r.<\/p>\n<p>HAVA SICAKLI\u011eI: Hava s\u0131cakl\u0131\u011f\u0131n\u0131n \u00dclkemizin kuzey kesimlerinde biraz azalaca\u011f\u0131, di\u011fer yerlerde \u00f6nemli bir de\u011fi\u015fiklik olmayaca\u011f\u0131, mevsim normalleri civar\u0131nda seyretmeye devam edece\u011fi tahmin&#8230;<\/p>\n","protected":false},"excerpt":{"rendered":"<p>Meteoroloji Genel M\u00fcd\u00fcrl\u00fc\u011f\u00fc, hava durumu tahmin raporunu payla\u015ft\u0131. Yap\u0131lan de\u011ferlendirmelerde baz\u0131 iller i\u00e7in sa\u011fanak uyar\u0131s\u0131 yap\u0131ld\u0131. A\u00e7\u0131klanan 5 g\u00fcnl\u00fck&#8230;<\/p>\n","protected":false},"author":2,"featured_media":29443,"comment_status":"open","ping_status":"open","sticky":false,"template":"","format":"standard","meta":{"footnotes":""},"categories":[8,6,5],"tags":[],"class_list":["post-29444","post","type-post","status-publish","format-standard","has-post-thumbnail","hentry","category-arsiv","category-gundem","category-son-dakika"],"_links":{"self":[{"href":"https:\/\/eskigazeteci.com\/index.php?rest_route=\/wp\/v2\/posts\/29444","targetHints":{"allow":["GET"]}}],"collection":[{"href":"https:\/\/eskigazeteci.com\/index.php?rest_route=\/wp\/v2\/posts"}],"about":[{"href":"https:\/\/eskigazeteci.com\/index.php?rest_route=\/wp\/v2\/types\/post"}],"author":[{"embeddable":true,"href":"https:\/\/eskigazeteci.com\/index.php?rest_route=\/wp\/v2\/users\/2"}],"replies":[{"embeddable":true,"href":"https:\/\/eskigazeteci.com\/index.php?rest_route=%2Fwp%2Fv2%2Fcomments&post=29444"}],"version-history":[{"count":0,"href":"https:\/\/eskigazeteci.com\/index.php?rest_route=\/wp\/v2\/posts\/29444\/revisions"}],"wp:featuredmedia":[{"embeddable":true,"href":"https:\/\/eskigazeteci.com\/index.php?rest_route=\/wp\/v2\/media\/29443"}],"wp:attachment":[{"href":"https:\/\/eskigazeteci.com\/index.php?rest_route=%2Fwp%2Fv2%2Fmedia&parent=29444"}],"wp:term":[{"taxonomy":"category","embeddable":true,"href":"https:\/\/eskigazeteci.com\/index.php?rest_route=%2Fwp%2Fv2%2Fcategories&post=29444"},{"taxonomy":"post_tag","embeddable":true,"href":"https:\/\/eskigazeteci.com\/index.php?rest_route=%2Fwp%2Fv2%2Ftags&post=29444"}],"curies":[{"name":"wp","href":"https:\/\/api.w.org\/{rel}","templated":true}]}}