{"id":29442,"date":"2026-04-27T07:24:30","date_gmt":"2026-04-27T07:24:30","guid":{"rendered":"https:\/\/eskigazeteci.com\/?p=29442"},"modified":"2026-04-27T07:24:30","modified_gmt":"2026-04-27T07:24:30","slug":"ambar-barajinin-kapaklari-acildi-bosaltilan-10-ev-su-altinda-kaldi","status":"publish","type":"post","link":"https:\/\/eskigazeteci.com\/?p=29442","title":{"rendered":"Ambar Baraj\u0131\u2019n\u0131n kapaklar\u0131 a\u00e7\u0131ld\u0131, bo\u015falt\u0131lan 10 ev su alt\u0131nda kald\u0131"},"content":{"rendered":"<p>Kocak\u00f6y il\u00e7esinde ge\u00e7en g\u00fcnlerde etkili olan ya\u011f\u0131\u015flar\u0131n ard\u0131ndan Ambar Baraj\u0131 \u2019nda su seviyesi y\u00fckseldi. Baraj kapaklar\u0131n\u0131n a\u00e7\u0131lmas\u0131yla gelen su, il\u00e7eye 15 kilometre uzakl\u0131ktaki 45 hane ve 161 n\u00fcfuslu k\u0131rsal \u015eerifo\u011fullar\u0131 Mahallesi\u2019ne ula\u015ft\u0131. Daha \u00f6nce bo\u015falt\u0131lan 10 ev su alt\u0131nda kald\u0131. Su alt\u0131ndaki evler, dronla g\u00f6r\u00fcnt\u00fclendi.<\/p>\n<p>&quot;KE\u015e\u0130F OLACA\u011eI \u0130\u00c7\u0130N MALZEMELER DE SUYUN ALTINDA KALDI&quot;<\/p>\n<p>Mahallede ya\u015fayan Mahmut Aksoy (40), su alt\u0131nda kalan baz\u0131 evlerin mahkemelik oldu\u011funu belirterek, &quot;Baraj yap\u0131ld\u0131ktan sonra birka\u00e7 defa uyar\u0131 yapt\u0131lar. Ramazan Bayram\u0131&#x27;na denk geldi. Bu sene ya\u011f\u0131\u015flar da \u00e7ok oldu. \u0130nsanlar zar zor temel ihtiya\u00e7lar\u0131n\u0131 ald\u0131. E\u015fyalar\u0131, \u00e7at\u0131lar\u0131 kald\u0131. Toplam 10 ev suyun alt\u0131nda kald\u0131. Baz\u0131 evler mahkemelik oldu\u011fu i\u00e7in daha paras\u0131n\u0131 almad\u0131lar. Paras\u0131n\u0131 vermi\u015f olsalard\u0131 en az\u0131ndan \u00e7at\u0131lar\u0131 falan al\u0131rd\u0131k. Ke\u015fif olaca\u011f\u0131 i\u00e7in malzemeler de suyun alt\u0131nda kald\u0131&quot; dedi.<\/p>\n<p>T\u00fcrkiye g\u00fcndeminden son dakika haberleri, bug\u00fcn ya\u015fanan en son geli\u015fmeler, siyaset g\u00fcndeminden g\u00fcncel haberler ve b\u00fct\u00fcn son dakika haberleri i\u00e7in H\u00fcrriyet&#x27;in internet haber sitesi hurriyet.com.tr; Hurriyet.com.tr haber i\u00e7erikleri kaynak g\u00f6sterilmeden al\u0131nt\u0131 yap\u0131lamaz, Kanuna ayk\u0131r\u0131 ve izinsiz olarak kopyalanamaz,&#8230;<\/p>\n","protected":false},"excerpt":{"rendered":"<p>Diyarbak\u0131r&#8217;\u0131n Kocak\u00f6y il\u00e7esinde etkili olan ya\u011f\u0131\u015flar sonras\u0131 su seviyesi y\u00fckselen Ambar Baraj\u0131\u2019n\u0131n kapaklar\u0131n\u0131n a\u00e7\u0131lmas\u0131yla su, k\u0131rsal \u015eerifo\u011fullar\u0131&#8230;<\/p>\n","protected":false},"author":2,"featured_media":29441,"comment_status":"open","ping_status":"open","sticky":false,"template":"","format":"standard","meta":{"footnotes":""},"categories":[8,6,5],"tags":[],"class_list":["post-29442","post","type-post","status-publish","format-standard","has-post-thumbnail","hentry","category-arsiv","category-gundem","category-son-dakika"],"_links":{"self":[{"href":"https:\/\/eskigazeteci.com\/index.php?rest_route=\/wp\/v2\/posts\/29442","targetHints":{"allow":["GET"]}}],"collection":[{"href":"https:\/\/eskigazeteci.com\/index.php?rest_route=\/wp\/v2\/posts"}],"about":[{"href":"https:\/\/eskigazeteci.com\/index.php?rest_route=\/wp\/v2\/types\/post"}],"author":[{"embeddable":true,"href":"https:\/\/eskigazeteci.com\/index.php?rest_route=\/wp\/v2\/users\/2"}],"replies":[{"embeddable":true,"href":"https:\/\/eskigazeteci.com\/index.php?rest_route=%2Fwp%2Fv2%2Fcomments&post=29442"}],"version-history":[{"count":0,"href":"https:\/\/eskigazeteci.com\/index.php?rest_route=\/wp\/v2\/posts\/29442\/revisions"}],"wp:featuredmedia":[{"embeddable":true,"href":"https:\/\/eskigazeteci.com\/index.php?rest_route=\/wp\/v2\/media\/29441"}],"wp:attachment":[{"href":"https:\/\/eskigazeteci.com\/index.php?rest_route=%2Fwp%2Fv2%2Fmedia&parent=29442"}],"wp:term":[{"taxonomy":"category","embeddable":true,"href":"https:\/\/eskigazeteci.com\/index.php?rest_route=%2Fwp%2Fv2%2Fcategories&post=29442"},{"taxonomy":"post_tag","embeddable":true,"href":"https:\/\/eskigazeteci.com\/index.php?rest_route=%2Fwp%2Fv2%2Ftags&post=29442"}],"curies":[{"name":"wp","href":"https:\/\/api.w.org\/{rel}","templated":true}]}}