{"id":29440,"date":"2026-04-27T07:22:57","date_gmt":"2026-04-27T07:22:57","guid":{"rendered":"https:\/\/eskigazeteci.com\/?p=29440"},"modified":"2026-04-27T07:22:57","modified_gmt":"2026-04-27T07:22:57","slug":"gulistan-doku-sorusturmasi-4","status":"publish","type":"post","link":"https:\/\/eskigazeteci.com\/?p=29440","title":{"rendered":"G\u00fclistan Doku soru\u015fturmas\u0131"},"content":{"rendered":"<p>Erzurum Cumhuriyet Ba\u015fsavc\u0131l\u0131\u011f\u0131nca eski Tunceli Valisi Tuncay Sonel hakk\u0131nda y\u00fcr\u00fct\u00fclen soru\u015fturma \u00e7er\u00e7evesinde d\u00f6nemin Tunceli Emniyet M\u00fcd\u00fcr\u00fc Y\u0131lmaz Delen, tan\u0131k olarak ifadeye \u00e7a\u011fr\u0131ld\u0131.<\/p>\n<p>Yalova \u0130l Emniyet M\u00fcd\u00fcr\u00fc olan Delen, talimat \u00fczerine Erzurum&#x27;a geldi. Delen&#x27;in Erzurum Adliyesi&#x27;nde ifade i\u015flemleri ba\u015flad\u0131.<\/p>\n<p>Tunceli&#x27;de 2019-2021 y\u0131llar\u0131 aras\u0131nda \u0130l Emniyet M\u00fcd\u00fcrl\u00fc\u011f\u00fc g\u00f6revini y\u00fcr\u00fcten Y\u0131lmaz Delen , 23 Ocak 2026&#x27;da Yalova \u0130l Emniyet M\u00fcd\u00fcrl\u00fc\u011f\u00fcne atanm\u0131\u015ft\u0131.<\/p>\n<p>12 ZANLI TUTUKLANMI\u015eTI<\/p>\n<p>Tunceli&#x27;de okuyan \u00fcniversite \u00f6\u011frencisi k\u0131zlar\u0131 G\u00fclistan Doku&#x27;dan (21) 5 Ocak 2020&#x27;den itibaren haber alamayan ailesi, memleketleri Diyarbak\u0131r&#x27;dan Tunceli&#x27;ye gelerek 6 Ocak 2020&#x27;de emniyete kay\u0131p ba\u015fvurusunda bulunmu\u015f, ba\u015flat\u0131lan arama \u00e7al\u0131\u015fmalar\u0131ndan sonu\u00e7 elde edilememi\u015fti.<\/p>\n<p>Ula\u015f\u0131lan yeni bilgiler do\u011frultusunda Tunceli Cumhuriyet Ba\u015fsavc\u0131l\u0131\u011f\u0131nca &quot;kasten \u00f6ld\u00fcrme&quot;, &quot;cinsel sald\u0131r\u0131&quot;, &quot;su\u00e7 delillerinin gizlenmesi-yok edilmesi&quot;, &quot;bili\u015fim sistemine hukuka ayk\u0131r\u0131 olarak girmek suretiyle verileri yok etme-bozma&quot;, &quot;ki\u015fiyi h\u00fcrriyetinden yoksun k\u0131lma&quot;, &quot;su\u00e7u bildirmeme&quot; ve &quot;su\u00e7luyu kay\u0131rma&quot; su\u00e7lar\u0131ndan y\u00fcr\u00fct\u00fclen soru\u015fturma kapsam\u0131nda 15 \u015f\u00fcpheli g\u00f6zalt\u0131na al\u0131nm\u0131\u015ft\u0131.<\/p>\n<p>\u015e\u00fcphelilerden d\u00f6nemin Tunceli Valisi Tuncay&#8230;<\/p>\n","protected":false},"excerpt":{"rendered":"<p>Tunceli&#8217;de 5 Ocak 2020&#8217;den itibaren kendisinden haber al\u0131namayan \u00fcniversite \u00f6\u011frencisi G\u00fclistan Doku ile ilgili y\u00fcr\u00fct\u00fclen soru\u015fturma kapsam\u0131nda, d\u00f6nemin&#8230;<\/p>\n","protected":false},"author":2,"featured_media":29439,"comment_status":"open","ping_status":"open","sticky":false,"template":"","format":"standard","meta":{"footnotes":""},"categories":[8,6,5],"tags":[],"class_list":["post-29440","post","type-post","status-publish","format-standard","has-post-thumbnail","hentry","category-arsiv","category-gundem","category-son-dakika"],"_links":{"self":[{"href":"https:\/\/eskigazeteci.com\/index.php?rest_route=\/wp\/v2\/posts\/29440","targetHints":{"allow":["GET"]}}],"collection":[{"href":"https:\/\/eskigazeteci.com\/index.php?rest_route=\/wp\/v2\/posts"}],"about":[{"href":"https:\/\/eskigazeteci.com\/index.php?rest_route=\/wp\/v2\/types\/post"}],"author":[{"embeddable":true,"href":"https:\/\/eskigazeteci.com\/index.php?rest_route=\/wp\/v2\/users\/2"}],"replies":[{"embeddable":true,"href":"https:\/\/eskigazeteci.com\/index.php?rest_route=%2Fwp%2Fv2%2Fcomments&post=29440"}],"version-history":[{"count":0,"href":"https:\/\/eskigazeteci.com\/index.php?rest_route=\/wp\/v2\/posts\/29440\/revisions"}],"wp:featuredmedia":[{"embeddable":true,"href":"https:\/\/eskigazeteci.com\/index.php?rest_route=\/wp\/v2\/media\/29439"}],"wp:attachment":[{"href":"https:\/\/eskigazeteci.com\/index.php?rest_route=%2Fwp%2Fv2%2Fmedia&parent=29440"}],"wp:term":[{"taxonomy":"category","embeddable":true,"href":"https:\/\/eskigazeteci.com\/index.php?rest_route=%2Fwp%2Fv2%2Fcategories&post=29440"},{"taxonomy":"post_tag","embeddable":true,"href":"https:\/\/eskigazeteci.com\/index.php?rest_route=%2Fwp%2Fv2%2Ftags&post=29440"}],"curies":[{"name":"wp","href":"https:\/\/api.w.org\/{rel}","templated":true}]}}