{"id":29438,"date":"2026-04-27T07:21:22","date_gmt":"2026-04-27T07:21:22","guid":{"rendered":"https:\/\/eskigazeteci.com\/?p=29438"},"modified":"2026-04-27T07:21:22","modified_gmt":"2026-04-27T07:21:22","slug":"galatasaray-35","status":"publish","type":"post","link":"https:\/\/eskigazeteci.com\/?p=29438","title":{"rendered":"Galatasaray"},"content":{"rendered":"<p>S\u00fcper Lig&#x27;in 31. haftas\u0131nda Galatasaray sahas\u0131nda Fenerbah\u00e7e &#x27;yi 3 golle ma\u011flup etmeyi ba\u015fararak \u015fampiyonluk yar\u0131\u015f\u0131nda \u00e7ok b\u00fcy\u00fck bir avantaj elde etti.<\/p>\n<p>2. MA\u011eLUB\u0130YET\u0130N\u0130 ALDI<\/p>\n<p>Fenerbah\u00e7e, derbide gol sevinci ya\u015fayamazken bu sezon 4 ma\u00e7ta fileleri havaland\u0131ramad\u0131. Sar\u0131-lacivertliler ligin yar\u0131s\u0131nda G\u00f6ztepe ve Samsunspor deplasmanlar\u0131 ile ikinci yar\u0131daki Fatih Karag\u00fcmr\u00fck ma\u00e7lar\u0131nda gol atamad\u0131. D\u0131\u015f sahada 16 ma\u00e7a \u00e7\u0131kan Fenerbah\u00e7e, 9 galibiyet, 5 beraberlik, 2 ma\u011flubiyet ald\u0131. Rakip filelere 34 gol g\u00f6nderirken, kalesinde g\u00f6rd\u00fc\u011f\u00fc gol say\u0131s\u0131 18&#x27;e \u00e7\u0131kt\u0131.<\/p>\n<p>OKAN BURUK 11. DERB\u0130S\u0130NE \u00c7IKTI<\/p>\n<p>Galatasaray Teknik Direkt\u00f6r\u00fc Okan Buruk da bu ma\u00e7la birlikte sar\u0131-lacivertlilere kar\u015f\u0131 11. derbisine \u00e7\u0131kt\u0131. 2022 y\u0131l\u0131nda Galatasaray\u2019\u0131 \u00e7al\u0131\u015ft\u0131rmaya ba\u015flayan Buruk, Fenerbah\u00e7e ile oynad\u0131\u011f\u0131 11. m\u00fcsabakada 6. galibiyetini elde etti. Deneyimli teknik adam, di\u011fer m\u00fccadelelerde ise 3 defa berabere kal\u0131rken, 2 kez de ma\u011flup oldu.<\/p>\n<p>KARARLARI TARTI\u015eILDI<\/p>\n<p>Derbinin hakemi Yasin Kol &#x27;un ma\u00e7 i\u00e7erisinde verdi\u011fi kararlar yorumcular ve sosyal medya taraf\u0131ndan \u00e7ok tart\u0131\u015f\u0131ld\u0131.<\/p>\n<p>TRIO YORUMLADI<\/p>\n<p>Yay\u0131nc\u0131 kurulu\u015fta yay\u0131nlanan &#x27;Trio&#x27; program\u0131nda eski hakemler Deniz \u00c7oban, B\u00fclent Y\u0131ld\u0131r\u0131m ve Bahattin Duran, derbide \u00e7al\u0131nan&#8230;<\/p>\n","protected":false},"excerpt":{"rendered":"<p>Galatasaray, S\u00fcper Lig&#8217;de \u015fampiyonlu\u011fun k\u0131r\u0131lma ma\u00e7\u0131nda ezeli rakibi Fenerbah\u00e7e&#8217;yi 3-0 ma\u011flup etti ve aradaki puan fark\u0131n\u0131 7&#8217;ye \u00e7\u0131kard\u0131. Ma\u00e7 sonras\u0131 eski&#8230;<\/p>\n","protected":false},"author":2,"featured_media":29437,"comment_status":"open","ping_status":"open","sticky":false,"template":"","format":"standard","meta":{"footnotes":""},"categories":[8,5,7],"tags":[],"class_list":["post-29438","post","type-post","status-publish","format-standard","has-post-thumbnail","hentry","category-arsiv","category-son-dakika","category-spor"],"_links":{"self":[{"href":"https:\/\/eskigazeteci.com\/index.php?rest_route=\/wp\/v2\/posts\/29438","targetHints":{"allow":["GET"]}}],"collection":[{"href":"https:\/\/eskigazeteci.com\/index.php?rest_route=\/wp\/v2\/posts"}],"about":[{"href":"https:\/\/eskigazeteci.com\/index.php?rest_route=\/wp\/v2\/types\/post"}],"author":[{"embeddable":true,"href":"https:\/\/eskigazeteci.com\/index.php?rest_route=\/wp\/v2\/users\/2"}],"replies":[{"embeddable":true,"href":"https:\/\/eskigazeteci.com\/index.php?rest_route=%2Fwp%2Fv2%2Fcomments&post=29438"}],"version-history":[{"count":0,"href":"https:\/\/eskigazeteci.com\/index.php?rest_route=\/wp\/v2\/posts\/29438\/revisions"}],"wp:featuredmedia":[{"embeddable":true,"href":"https:\/\/eskigazeteci.com\/index.php?rest_route=\/wp\/v2\/media\/29437"}],"wp:attachment":[{"href":"https:\/\/eskigazeteci.com\/index.php?rest_route=%2Fwp%2Fv2%2Fmedia&parent=29438"}],"wp:term":[{"taxonomy":"category","embeddable":true,"href":"https:\/\/eskigazeteci.com\/index.php?rest_route=%2Fwp%2Fv2%2Fcategories&post=29438"},{"taxonomy":"post_tag","embeddable":true,"href":"https:\/\/eskigazeteci.com\/index.php?rest_route=%2Fwp%2Fv2%2Ftags&post=29438"}],"curies":[{"name":"wp","href":"https:\/\/api.w.org\/{rel}","templated":true}]}}