{"id":29434,"date":"2026-04-27T07:11:18","date_gmt":"2026-04-27T07:11:18","guid":{"rendered":"https:\/\/eskigazeteci.com\/?p=29434"},"modified":"2026-04-27T07:11:18","modified_gmt":"2026-04-27T07:11:18","slug":"genclik-ve-spor-bakanligi-157-isci-alimi-basvurusu-basladi-iste-basvuru-sartlari-ve-kosullari","status":"publish","type":"post","link":"https:\/\/eskigazeteci.com\/?p=29434","title":{"rendered":"Gen\u00e7lik ve Spor Bakanl\u0131\u011f\u0131 157 i\u015f\u00e7i al\u0131m\u0131 ba\u015fvurusu ba\u015flad\u0131&#8230; \u0130\u015fte, ba\u015fvuru \u015fartlar\u0131 ve ko\u015fullar\u0131"},"content":{"rendered":"<p>Gen\u00e7lik ve Spor Bakanl\u0131\u011f\u0131 157 i\u015f\u00e7i al\u0131m\u0131 i\u00e7in s\u00fcrece ba\u015flad\u0131. Bakanl\u0131k taraf\u0131ndan yay\u0131mlanan duyuruya g\u00f6re, adaylar\u0131n genel ve \u00f6zel \u015fartlar\u0131 ta\u015f\u0131mas\u0131 gerekiyor. Peki, Gen\u00e7lik ve Spor Bakanl\u0131\u011f\u0131 157 i\u015f\u00e7i al\u0131m\u0131 ba\u015fvuru \u015fartlar\u0131 ve ko\u015fullar\u0131 neler olacak? \u0130\u015fte, o detaylar<\/p>\n<p>GENEL \u015eARTLAR \u2022T\u00fcrkiye Cumhuriyeti vatanda\u015f\u0131 olmak. \u202218 ya\u015f\u0131n\u0131 tamamlam\u0131\u015f olmak. \u2022Kamusal haklar\u0131 kullanmaktan yoksun b\u0131rak\u0131lmam\u0131\u015f olmak. \u2022G\u00fcvenlik soru\u015fturmas\u0131 ve ar\u015fiv ara\u015ft\u0131rmas\u0131n\u0131n olumlu sonu\u00e7lanmas\u0131. \u2022Herhangi bir sosyal g\u00fcvenlik kurumundan emeklilik, ya\u015fl\u0131l\u0131k veya malull\u00fck ayl\u0131\u011f\u0131 almamak. \u2022G\u00f6revini devaml\u0131 yapmaya engel hastal\u0131\u011f\u0131 bulunmamak. \u2022Tam zamanl\u0131 ve vardiyal\u0131 \u00e7al\u0131\u015fmaya engel durumu bulunmamak. \u2022Ba\u015fvurdu\u011fu kadronun bulundu\u011fu il s\u0131n\u0131rlar\u0131 i\u00e7erisinde ikamet etmek. \u2022Ba\u015fvurunun son g\u00fcn\u00fc (04 May\u0131s 2026) itibar\u0131yla genel ve \u00f6zel \u015fartlarda belirtilen \u015fartlara haiz olmak. \u00d6ZEL \u015eARTLAR Al\u0131m yap\u0131lacak meslek kolu Temizlik G\u00f6revlisi olup, adaylar\u0131n en az orta\u00f6\u011fretim (lise ve dengi) \u00f6\u011frenim d\u00fczeyine sahip olmas\u0131 gerekmektedir. Ayr\u0131ca, engelli veya eski h\u00fck\u00fcml\u00fc\/ter\u00f6rle m\u00fccadelede malul say\u0131lmayacak \u015fekilde yaralanan stat\u00fcs\u00fcnde olan adaylar\u0131n bu durumlar\u0131n\u0131 belgelemeleri zorunludur.<\/p>\n<p>GENEL \u015eARTLAR<\/p>\n<p>\u2022T\u00fcrkiye&#8230;<\/p>\n","protected":false},"excerpt":{"rendered":"<p>Gen\u00e7lik ve Spor Bakanl\u0131\u011f\u0131, ta\u015fra te\u015fkilat\u0131nda istihdam edilmek \u00fczere toplam 157 s\u00fcrekli i\u015f\u00e7i al\u0131m\u0131 yapaca\u011f\u0131n\u0131 duyurdu. \u0130\u015eKUR arac\u0131l\u0131\u011f\u0131yla ger\u00e7ekle\u015ftirilecek&#8230;<\/p>\n","protected":false},"author":2,"featured_media":29433,"comment_status":"open","ping_status":"open","sticky":false,"template":"","format":"standard","meta":{"footnotes":""},"categories":[8,6,5],"tags":[],"class_list":["post-29434","post","type-post","status-publish","format-standard","has-post-thumbnail","hentry","category-arsiv","category-gundem","category-son-dakika"],"_links":{"self":[{"href":"https:\/\/eskigazeteci.com\/index.php?rest_route=\/wp\/v2\/posts\/29434","targetHints":{"allow":["GET"]}}],"collection":[{"href":"https:\/\/eskigazeteci.com\/index.php?rest_route=\/wp\/v2\/posts"}],"about":[{"href":"https:\/\/eskigazeteci.com\/index.php?rest_route=\/wp\/v2\/types\/post"}],"author":[{"embeddable":true,"href":"https:\/\/eskigazeteci.com\/index.php?rest_route=\/wp\/v2\/users\/2"}],"replies":[{"embeddable":true,"href":"https:\/\/eskigazeteci.com\/index.php?rest_route=%2Fwp%2Fv2%2Fcomments&post=29434"}],"version-history":[{"count":0,"href":"https:\/\/eskigazeteci.com\/index.php?rest_route=\/wp\/v2\/posts\/29434\/revisions"}],"wp:featuredmedia":[{"embeddable":true,"href":"https:\/\/eskigazeteci.com\/index.php?rest_route=\/wp\/v2\/media\/29433"}],"wp:attachment":[{"href":"https:\/\/eskigazeteci.com\/index.php?rest_route=%2Fwp%2Fv2%2Fmedia&parent=29434"}],"wp:term":[{"taxonomy":"category","embeddable":true,"href":"https:\/\/eskigazeteci.com\/index.php?rest_route=%2Fwp%2Fv2%2Fcategories&post=29434"},{"taxonomy":"post_tag","embeddable":true,"href":"https:\/\/eskigazeteci.com\/index.php?rest_route=%2Fwp%2Fv2%2Ftags&post=29434"}],"curies":[{"name":"wp","href":"https:\/\/api.w.org\/{rel}","templated":true}]}}