{"id":294,"date":"2026-02-09T10:53:31","date_gmt":"2026-02-09T10:53:31","guid":{"rendered":"https:\/\/eskigazeteci.com\/?p=294"},"modified":"2026-02-09T10:53:31","modified_gmt":"2026-02-09T10:53:31","slug":"haber-122","status":"publish","type":"post","link":"https:\/\/eskigazeteci.com\/?p=294","title":{"rendered":"Haber"},"content":{"rendered":"<p>Olay, saat 11.30 s\u0131ralar\u0131nda Antalya Adalet Saray\u0131&#x27;nda meydana geldi. Adliyede g\u00fcvenlik g\u00f6revlisi olarak \u00e7al\u0131\u015fan T\u00fcrker \u00c7etinkaya, bodrum kattaki personel tuvaletinde yan\u0131ndaki silahla birlikte \u00f6l\u00fc bulundu.<\/p>\n<p>\u0130hbarla olay yerine adliye polisi, g\u00fcvenlik g\u00f6revlileri ve Antalya Cumhuriyet Ba\u015fsavc\u0131s\u0131 Yakup Ali Kahveci geldi. Olay yeri inceleme ekipleri, \u00e7al\u0131\u015fma yapt\u0131. Sabah saatlerinden itibaren s\u0131k s\u0131k tuvalete gitti\u011fi belirlenen \u00c7etinkaya&#x27;n\u0131n evli ve 10 ya\u015f\u0131nda bir \u00e7ocu\u011fu bulundu\u011fu belirtildi. Cans\u0131z bedeni Antalya Adli T\u0131p Kurumu morguna kald\u0131r\u0131lan T\u00fcrker \u00c7etinkaya&#x27;n\u0131n, intihar etti\u011fi \u00fczerinde duruluyor.<\/p>\n<p>T\u00fcrkiye g\u00fcndeminden son dakika haberleri, bug\u00fcn ya\u015fanan en son geli\u015fmeler, siyaset g\u00fcndeminden g\u00fcncel haberler ve b\u00fct\u00fcn son dakika haberleri i\u00e7in H\u00fcrriyet&#x27;in internet haber sitesi hurriyet.com.tr; Hurriyet.com.tr haber i\u00e7erikleri kaynak g\u00f6sterilmeden al\u0131nt\u0131 yap\u0131lamaz, Kanuna ayk\u0131r\u0131 ve izinsiz olarak kopyalanamaz, ba\u015fka yerde yay\u0131nlanamaz.<\/p>\n","protected":false},"excerpt":{"rendered":"<p>Antalya Adalet Saray\u0131&#8217;nda g\u00fcvenlik g\u00f6revlisi olan T\u00fcrker \u00c7etinkaya (45), adliye binas\u0131 tuvaletinde \u00f6l\u00fc bulundu.<\/p>\n","protected":false},"author":2,"featured_media":293,"comment_status":"open","ping_status":"open","sticky":false,"template":"","format":"standard","meta":{"footnotes":""},"categories":[8,3],"tags":[],"class_list":["post-294","post","type-post","status-publish","format-standard","has-post-thumbnail","hentry","category-arsiv","category-siyaset"],"_links":{"self":[{"href":"https:\/\/eskigazeteci.com\/index.php?rest_route=\/wp\/v2\/posts\/294","targetHints":{"allow":["GET"]}}],"collection":[{"href":"https:\/\/eskigazeteci.com\/index.php?rest_route=\/wp\/v2\/posts"}],"about":[{"href":"https:\/\/eskigazeteci.com\/index.php?rest_route=\/wp\/v2\/types\/post"}],"author":[{"embeddable":true,"href":"https:\/\/eskigazeteci.com\/index.php?rest_route=\/wp\/v2\/users\/2"}],"replies":[{"embeddable":true,"href":"https:\/\/eskigazeteci.com\/index.php?rest_route=%2Fwp%2Fv2%2Fcomments&post=294"}],"version-history":[{"count":0,"href":"https:\/\/eskigazeteci.com\/index.php?rest_route=\/wp\/v2\/posts\/294\/revisions"}],"wp:featuredmedia":[{"embeddable":true,"href":"https:\/\/eskigazeteci.com\/index.php?rest_route=\/wp\/v2\/media\/293"}],"wp:attachment":[{"href":"https:\/\/eskigazeteci.com\/index.php?rest_route=%2Fwp%2Fv2%2Fmedia&parent=294"}],"wp:term":[{"taxonomy":"category","embeddable":true,"href":"https:\/\/eskigazeteci.com\/index.php?rest_route=%2Fwp%2Fv2%2Fcategories&post=294"},{"taxonomy":"post_tag","embeddable":true,"href":"https:\/\/eskigazeteci.com\/index.php?rest_route=%2Fwp%2Fv2%2Ftags&post=294"}],"curies":[{"name":"wp","href":"https:\/\/api.w.org\/{rel}","templated":true}]}}