{"id":29392,"date":"2026-04-27T05:51:14","date_gmt":"2026-04-27T05:51:14","guid":{"rendered":"https:\/\/eskigazeteci.com\/?p=29392"},"modified":"2026-04-27T05:51:14","modified_gmt":"2026-04-27T05:51:14","slug":"instagram-coktu-mu-27-nisan-instagramda-bir-sorun-var-mi-instagram-cokme-raporu-verileri","status":"publish","type":"post","link":"https:\/\/eskigazeteci.com\/?p=29392","title":{"rendered":"Instagram \u00e7\u00f6kt\u00fc m\u00fc? 27 Nisan Instagram&#8217;da bir sorun var m\u0131? Instagram \u00e7\u00f6kme raporu verileri&#8230;"},"content":{"rendered":"<p>Instagram \u00e7\u00f6kme ve hata raporu kullan\u0131c\u0131lar\u0131n g\u00fcndeminde. G\u00fcn i\u00e7inde yo\u011fun olarak kullan\u0131lan uygulama, foto\u011fraf ve video payla\u015f\u0131m\u0131n\u0131n yan\u0131 s\u0131ra anl\u0131k mesajla\u015fmada da tercih ediliyor. Ancak Instagram&#x27;da zaman zaman aksakl\u0131klar\u0131 ya\u015fanabiliyor. Uygulamaya giri\u015fte sorun ya\u015fayanlar, anl\u0131k verilerine odakland\u0131. Peki Instagram \u00e7\u00f6kt\u00fc m\u00fc? \u0130\u015fte ayr\u0131nt\u0131lar&#8230;<\/p>\n<p>Kullan\u0131c\u0131 raporlar\u0131 Instagram uygulamas\u0131nda olas\u0131 sorunlar oldu\u011funu g\u00f6steriyor. Yava\u015flama ya da mesaj iletilememe sorunu ya\u015fayanlar Wi-Fi ya da mobil veri ba\u011flant\u0131lar\u0131n\u0131 kontrol edebilirler.<\/p>\n<p>Kullan\u0131c\u0131 raporlar\u0131 Instagram uygulamas\u0131nda olas\u0131 sorunlar oldu\u011funu g\u00f6steriyor.<\/p>\n<p>Yava\u015flama ya da mesaj iletilememe sorunu ya\u015fayanlar Wi-Fi ya da mobil veri ba\u011flant\u0131lar\u0131n\u0131 kontrol edebilirler.<\/p>\n<p>Instagram\u2019a giri\u015fte sorunla kar\u015f\u0131la\u015fan kullan\u0131c\u0131lar\u0131n telefonlar\u0131n\u0131n mobil marketleri \u00fczerinden uygulaman\u0131n g\u00fcncel olup olmad\u0131\u011f\u0131n\u0131 kontrol etmesi tavsiye edilir. Ayr\u0131ca h\u00fccresel veri ve Wi-fi ba\u011flant\u0131s\u0131 kontrol edilerek giri\u015f i\u015flemi tekrar yap\u0131lmal\u0131d\u0131r.<\/p>\n<p>Instagram\u2019a giri\u015fte sorunla kar\u015f\u0131la\u015fan kullan\u0131c\u0131lar\u0131n telefonlar\u0131n\u0131n mobil marketleri \u00fczerinden uygulaman\u0131n g\u00fcncel olup olmad\u0131\u011f\u0131n\u0131 kontrol etmesi tavsiye edilir.<\/p>\n<p>Ayr\u0131ca h\u00fccresel veri ve Wi-fi ba\u011flant\u0131s\u0131&#8230;<\/p>\n","protected":false},"excerpt":{"rendered":"<p>Instagram \u00e7\u00f6kt\u00fc m\u00fc sorusu, 27 Nisan 2026 Pazartesi g\u00fcn\u00fc uygulamada sorun ya\u015fayan kullan\u0131c\u0131lar\u0131n g\u00fcndeminde. Instagram, ayl\u0131k 3 milyar aktif kullan\u0131c\u0131yla&#8230;<\/p>\n","protected":false},"author":2,"featured_media":29391,"comment_status":"open","ping_status":"open","sticky":false,"template":"","format":"standard","meta":{"footnotes":""},"categories":[8,6,5],"tags":[],"class_list":["post-29392","post","type-post","status-publish","format-standard","has-post-thumbnail","hentry","category-arsiv","category-gundem","category-son-dakika"],"_links":{"self":[{"href":"https:\/\/eskigazeteci.com\/index.php?rest_route=\/wp\/v2\/posts\/29392","targetHints":{"allow":["GET"]}}],"collection":[{"href":"https:\/\/eskigazeteci.com\/index.php?rest_route=\/wp\/v2\/posts"}],"about":[{"href":"https:\/\/eskigazeteci.com\/index.php?rest_route=\/wp\/v2\/types\/post"}],"author":[{"embeddable":true,"href":"https:\/\/eskigazeteci.com\/index.php?rest_route=\/wp\/v2\/users\/2"}],"replies":[{"embeddable":true,"href":"https:\/\/eskigazeteci.com\/index.php?rest_route=%2Fwp%2Fv2%2Fcomments&post=29392"}],"version-history":[{"count":0,"href":"https:\/\/eskigazeteci.com\/index.php?rest_route=\/wp\/v2\/posts\/29392\/revisions"}],"wp:featuredmedia":[{"embeddable":true,"href":"https:\/\/eskigazeteci.com\/index.php?rest_route=\/wp\/v2\/media\/29391"}],"wp:attachment":[{"href":"https:\/\/eskigazeteci.com\/index.php?rest_route=%2Fwp%2Fv2%2Fmedia&parent=29392"}],"wp:term":[{"taxonomy":"category","embeddable":true,"href":"https:\/\/eskigazeteci.com\/index.php?rest_route=%2Fwp%2Fv2%2Fcategories&post=29392"},{"taxonomy":"post_tag","embeddable":true,"href":"https:\/\/eskigazeteci.com\/index.php?rest_route=%2Fwp%2Fv2%2Ftags&post=29392"}],"curies":[{"name":"wp","href":"https:\/\/api.w.org\/{rel}","templated":true}]}}