{"id":29388,"date":"2026-04-27T05:42:48","date_gmt":"2026-04-27T05:42:48","guid":{"rendered":"https:\/\/eskigazeteci.com\/?p=29388"},"modified":"2026-04-27T05:42:48","modified_gmt":"2026-04-27T05:42:48","slug":"japonyada-6-2-buyuklugunde-deprem","status":"publish","type":"post","link":"https:\/\/eskigazeteci.com\/?p=29388","title":{"rendered":"Japonya&#8217;da 6.2 b\u00fcy\u00fckl\u00fc\u011f\u00fcnde deprem"},"content":{"rendered":"<p>Japonya Meteoroloji Ajans\u0131 &#x27;na (JMA) g\u00f6re, sabah saatlerinde ya\u015fanan 6,2 b\u00fcy\u00fckl\u00fc\u011f\u00fcndeki deprem, kuzeydeki Tokachi b\u00f6lgesinde 83 kilometre derinlikte ger\u00e7ekle\u015fti.<\/p>\n<p>Depremin ard\u0131ndan yaralanma ya da altyap\u0131 hasar\u0131 rapor edilmedi. JMA, depremin ard\u0131ndan tsunami uyar\u0131s\u0131 yay\u0131nlamad\u0131.<\/p>\n<p>JMA, b\u00f6lgede meydana gelebilecek g\u00fc\u00e7l\u00fc bir deprem riskine ili\u015fkin devam eden uyar\u0131 ile 6,2&#x27;lik deprem aras\u0131nda bir ba\u011flant\u0131 olmad\u0131\u011f\u0131n\u0131 a\u00e7\u0131klad\u0131.<\/p>\n<p>N\u00dcKLEER SANTRALDE SORUN YA\u015eANMADI<\/p>\n<p>Yetkililer, Tomari n\u00fckleer santralinde herhangi bir anormallik g\u00f6zlemlenmedi\u011fini belirtti.<\/p>\n<p>Pasifik Okyanusu k\u0131y\u0131s\u0131ndaki Hokkaido&#x27;da baz\u0131 yerel tren seferleri ask\u0131ya al\u0131nd\u0131 ancak Hokkaido-Shinkansen h\u0131zl\u0131 trenleri normal \u015fekilde \u00e7al\u0131\u015fmaya devam etti.<\/p>\n<p>Deprem, bir hafta \u00f6nce Japonya&#x27;n\u0131n kuzeydo\u011fusundaki Aomori vilayetinde ya\u015fanan 7,7 b\u00fcy\u00fckl\u00fc\u011f\u00fcndeki depremin ard\u0131ndan, JMA&#x27;n\u0131n g\u00fc\u00e7l\u00fc bir deprem riskinin artt\u0131\u011f\u0131na dair bir haftad\u0131r s\u00fcrd\u00fcrd\u00fc\u011f\u00fc uyar\u0131 s\u0131ras\u0131nda meydana geldi.<\/p>\n<p>Hokkaido , Japonya&#x27;da deprem riskine kar\u015f\u0131 dikkatli olunmas\u0131 tavsiye edilen yedi b\u00f6lgeden biri olarak biliniyor.<\/p>\n<p>Yurtd\u0131\u015f\u0131nda ya\u015fanan en son olaylar, d\u00fcnya g\u00fcndemine oturan d\u0131\u015f haberler, son dakika d\u00fcnya haberleri, di\u011fer d\u00fcnya \u00fclkelerinden g\u00fcncel haberler i\u00e7in&#8230;<\/p>\n","protected":false},"excerpt":{"rendered":"<p>Japonya&#8217;n\u0131n Hokkaido adas\u0131nda 6,2 b\u00fcy\u00fckl\u00fc\u011f\u00fcnde bir deprem meydana geldi\u011fi bildirildi.<\/p>\n","protected":false},"author":2,"featured_media":29387,"comment_status":"open","ping_status":"open","sticky":false,"template":"","format":"standard","meta":{"footnotes":""},"categories":[8,6,5],"tags":[],"class_list":["post-29388","post","type-post","status-publish","format-standard","has-post-thumbnail","hentry","category-arsiv","category-gundem","category-son-dakika"],"_links":{"self":[{"href":"https:\/\/eskigazeteci.com\/index.php?rest_route=\/wp\/v2\/posts\/29388","targetHints":{"allow":["GET"]}}],"collection":[{"href":"https:\/\/eskigazeteci.com\/index.php?rest_route=\/wp\/v2\/posts"}],"about":[{"href":"https:\/\/eskigazeteci.com\/index.php?rest_route=\/wp\/v2\/types\/post"}],"author":[{"embeddable":true,"href":"https:\/\/eskigazeteci.com\/index.php?rest_route=\/wp\/v2\/users\/2"}],"replies":[{"embeddable":true,"href":"https:\/\/eskigazeteci.com\/index.php?rest_route=%2Fwp%2Fv2%2Fcomments&post=29388"}],"version-history":[{"count":0,"href":"https:\/\/eskigazeteci.com\/index.php?rest_route=\/wp\/v2\/posts\/29388\/revisions"}],"wp:featuredmedia":[{"embeddable":true,"href":"https:\/\/eskigazeteci.com\/index.php?rest_route=\/wp\/v2\/media\/29387"}],"wp:attachment":[{"href":"https:\/\/eskigazeteci.com\/index.php?rest_route=%2Fwp%2Fv2%2Fmedia&parent=29388"}],"wp:term":[{"taxonomy":"category","embeddable":true,"href":"https:\/\/eskigazeteci.com\/index.php?rest_route=%2Fwp%2Fv2%2Fcategories&post=29388"},{"taxonomy":"post_tag","embeddable":true,"href":"https:\/\/eskigazeteci.com\/index.php?rest_route=%2Fwp%2Fv2%2Ftags&post=29388"}],"curies":[{"name":"wp","href":"https:\/\/api.w.org\/{rel}","templated":true}]}}