{"id":29386,"date":"2026-04-27T05:41:16","date_gmt":"2026-04-27T05:41:16","guid":{"rendered":"https:\/\/eskigazeteci.com\/?p=29386"},"modified":"2026-04-27T05:41:16","modified_gmt":"2026-04-27T05:41:16","slug":"zayiflama-igneleri-estetik-dunyasini-degistiriyor-mu","status":"publish","type":"post","link":"https:\/\/eskigazeteci.com\/?p=29386","title":{"rendered":"Zay\u0131flama i\u011fneleri estetik d\u00fcnyas\u0131n\u0131 de\u011fi\u015ftiriyor mu"},"content":{"rendered":"<p>Ba\u015flang\u0131\u00e7ta tip 2 diabetes mellitus i\u00e7in geli\u015ftirilen bu tedaviler, i\u015ftah\u0131 azaltmas\u0131, tokluk hissini art\u0131rmas\u0131 ve kilo kayb\u0131n\u0131 desteklemesi sayesinde bug\u00fcn obezite tedavisinin en g\u00fc\u00e7l\u00fc se\u00e7eneklerinden biri haline geldi. Bu ila\u00e7lar yaln\u0131zca kilo vermeyi de\u011fil, ayn\u0131 zamanda obeziteyle ili\u015fkili metabolik sorunlar\u0131 da etkiliyor. \u0130ns\u00fclin direnci, tip 2 diyabet ve kardiyovask\u00fcler risklerde g\u00f6r\u00fclen azalma, bu tedavilerin klinik etkisini daha da \u00f6nemli hale getiriyor.<\/p>\n<p>H\u0131zl\u0131 kilo kayb\u0131n\u0131n g\u00f6r\u00fcn\u00fcr y\u00fcz\u00fc<\/p>\n<p>Bu yeni d\u00f6nemin estetik d\u00fcnyas\u0131nda g\u00f6z ard\u0131 edilemeyecek bir etkisi var: H\u0131zl\u0131 kilo kayb\u0131 . Deri, bu ani de\u011fi\u015fime her zaman ayn\u0131 h\u0131zda uyum sa\u011flayam\u0131yor. \u00d6zellikle y\u00fcz ve v\u00fccutta hacim kayb\u0131, sarkma ve elastikiyet azalmas\u0131 ortaya \u00e7\u0131kabiliyor. Son d\u00f6nemde bu durum iki farkl\u0131 klinik g\u00f6r\u00fcn\u00fcmle tan\u0131mlan\u0131yor: * Y\u00fczde hacim kayb\u0131 ve ya\u015flanm\u0131\u015f g\u00f6r\u00fcn\u00fcm: Ozempic y\u00fcz\u00fc&#8230; * V\u00fccutta gev\u015feme ve kontur kayb\u0131: Ozempic v\u00fccudu&#8230;<\/p>\n<p>H\u00fccresel d\u00fczeyde etkiler<\/p>\n<p>Yeni \u00e7al\u0131\u015fmalar, olay\u0131n yaln\u0131zca ya\u011f dokusu kayb\u0131yla s\u0131n\u0131rl\u0131 olmad\u0131\u011f\u0131n\u0131 d\u00fc\u015f\u00fcnd\u00fcr\u00fcyor. GLP-1RA\u2019lar\u0131n fibroblastlar ve ya\u011f doku k\u00f6kenli k\u00f6k h\u00fccreler \u00fczerinde etkili olabilece\u011fi, kolajen \u00fcretiminde azalma ve kolajen y\u0131k\u0131m\u0131nda art\u0131\u015fa yol a\u00e7abilece\u011fi \u00f6ne&#8230;<\/p>\n","protected":false},"excerpt":{"rendered":"<p>Son y\u0131llarda glukagon benzeri peptid-1 resept\u00f6r agonistleri (GLP-1RA) olarak bilinen ve halk aras\u0131nda \u201czay\u0131flama i\u011fneleri\u201d diye an\u0131lan ila\u00e7lar, obezite&#8230;<\/p>\n","protected":false},"author":2,"featured_media":29385,"comment_status":"open","ping_status":"open","sticky":false,"template":"","format":"standard","meta":{"footnotes":""},"categories":[8,6,5],"tags":[],"class_list":["post-29386","post","type-post","status-publish","format-standard","has-post-thumbnail","hentry","category-arsiv","category-gundem","category-son-dakika"],"_links":{"self":[{"href":"https:\/\/eskigazeteci.com\/index.php?rest_route=\/wp\/v2\/posts\/29386","targetHints":{"allow":["GET"]}}],"collection":[{"href":"https:\/\/eskigazeteci.com\/index.php?rest_route=\/wp\/v2\/posts"}],"about":[{"href":"https:\/\/eskigazeteci.com\/index.php?rest_route=\/wp\/v2\/types\/post"}],"author":[{"embeddable":true,"href":"https:\/\/eskigazeteci.com\/index.php?rest_route=\/wp\/v2\/users\/2"}],"replies":[{"embeddable":true,"href":"https:\/\/eskigazeteci.com\/index.php?rest_route=%2Fwp%2Fv2%2Fcomments&post=29386"}],"version-history":[{"count":0,"href":"https:\/\/eskigazeteci.com\/index.php?rest_route=\/wp\/v2\/posts\/29386\/revisions"}],"wp:featuredmedia":[{"embeddable":true,"href":"https:\/\/eskigazeteci.com\/index.php?rest_route=\/wp\/v2\/media\/29385"}],"wp:attachment":[{"href":"https:\/\/eskigazeteci.com\/index.php?rest_route=%2Fwp%2Fv2%2Fmedia&parent=29386"}],"wp:term":[{"taxonomy":"category","embeddable":true,"href":"https:\/\/eskigazeteci.com\/index.php?rest_route=%2Fwp%2Fv2%2Fcategories&post=29386"},{"taxonomy":"post_tag","embeddable":true,"href":"https:\/\/eskigazeteci.com\/index.php?rest_route=%2Fwp%2Fv2%2Ftags&post=29386"}],"curies":[{"name":"wp","href":"https:\/\/api.w.org\/{rel}","templated":true}]}}