{"id":29384,"date":"2026-04-27T05:31:14","date_gmt":"2026-04-27T05:31:14","guid":{"rendered":"https:\/\/eskigazeteci.com\/?p=29384"},"modified":"2026-04-27T05:31:14","modified_gmt":"2026-04-27T05:31:14","slug":"alanyaspor-samsunspor-maci-ne-zaman-saat-kacta-hangi-kanalda","status":"publish","type":"post","link":"https:\/\/eskigazeteci.com\/?p=29384","title":{"rendered":"Alanyaspor Samsunspor ma\u00e7\u0131 ne zaman, saat ka\u00e7ta, hangi kanalda?"},"content":{"rendered":"<p>Alanyaspor ve Samsunspor, S\u00fcper Lig 31. hafta ma\u00e7\u0131nda kar\u015f\u0131 kar\u015f\u0131ya geliyor. Turuncu-ye\u015filli ekip, haftaya 33 puanla 12. s\u0131rada girdi. Konuk tak\u0131m ise 42 puanla 7. basamakta bulunuyor. Alanyaspor, rakibini ma\u011flup ederek 3 puan\u0131 hanesine eklemek istiyor. \u0130\u015fte Alanyaspor Samsunspor ma\u00e7\u0131 canl\u0131 yay\u0131n bilgisi&#8230;<\/p>\n<p>ALANYASPOR &#8211; SAMSUNSPOR MA\u00c7I NE ZAMAN, SAAT KA\u00c7TA, HANG\u0130 KANALDA?<\/p>\n<p>Alanyaspor ve Samsunpor, S\u00fcper Lig 31. hafta ma\u00e7\u0131nda bug\u00fcn (27 Nisan) kar\u015f\u0131 kar\u015f\u0131ya gelecek.<\/p>\n<p>Alanya Oba Stad\u0131&#x27;ndaki kar\u015f\u0131la\u015fma saat 17.00&#x27;de ba\u015flayacak ve beIN SPORTS 1 ekranlar\u0131ndan canl\u0131 olarak takip edilebilecek.<\/p>\n<p>T\u00fcrkiye&#x27;den ve D\u00fcnya\u2019dan son dakika haberleri, k\u00f6\u015fe yaz\u0131lar\u0131, magazinden siyasete, spordan seyahate b\u00fct\u00fcn konular\u0131n tek adresi Hurriyet.com.tr haber i\u00e7erikleri izin al\u0131nmadan, kaynak g\u00f6sterilerek dahi iktibas edilemez. Kanuna ayk\u0131r\u0131 ve izinsiz olarak kopyalanamaz, ba\u015fka yerde yay\u0131nlanamaz.<\/p>\n","protected":false},"excerpt":{"rendered":"<p>Alanyaspor, S\u00fcper Lig 31. hafta ma\u00e7\u0131nda Samsunspor&#8217;u konuk edecek. Karadeniz temsilcisi, Ziraat T\u00fcrkiye Kupas\u0131 \u00e7eyrek finalinde Trabzonspor&#8217;a kar\u015f\u0131 ma\u011flup&#8230;<\/p>\n","protected":false},"author":2,"featured_media":29383,"comment_status":"open","ping_status":"open","sticky":false,"template":"","format":"standard","meta":{"footnotes":""},"categories":[8,5,7],"tags":[],"class_list":["post-29384","post","type-post","status-publish","format-standard","has-post-thumbnail","hentry","category-arsiv","category-son-dakika","category-spor"],"_links":{"self":[{"href":"https:\/\/eskigazeteci.com\/index.php?rest_route=\/wp\/v2\/posts\/29384","targetHints":{"allow":["GET"]}}],"collection":[{"href":"https:\/\/eskigazeteci.com\/index.php?rest_route=\/wp\/v2\/posts"}],"about":[{"href":"https:\/\/eskigazeteci.com\/index.php?rest_route=\/wp\/v2\/types\/post"}],"author":[{"embeddable":true,"href":"https:\/\/eskigazeteci.com\/index.php?rest_route=\/wp\/v2\/users\/2"}],"replies":[{"embeddable":true,"href":"https:\/\/eskigazeteci.com\/index.php?rest_route=%2Fwp%2Fv2%2Fcomments&post=29384"}],"version-history":[{"count":0,"href":"https:\/\/eskigazeteci.com\/index.php?rest_route=\/wp\/v2\/posts\/29384\/revisions"}],"wp:featuredmedia":[{"embeddable":true,"href":"https:\/\/eskigazeteci.com\/index.php?rest_route=\/wp\/v2\/media\/29383"}],"wp:attachment":[{"href":"https:\/\/eskigazeteci.com\/index.php?rest_route=%2Fwp%2Fv2%2Fmedia&parent=29384"}],"wp:term":[{"taxonomy":"category","embeddable":true,"href":"https:\/\/eskigazeteci.com\/index.php?rest_route=%2Fwp%2Fv2%2Fcategories&post=29384"},{"taxonomy":"post_tag","embeddable":true,"href":"https:\/\/eskigazeteci.com\/index.php?rest_route=%2Fwp%2Fv2%2Ftags&post=29384"}],"curies":[{"name":"wp","href":"https:\/\/api.w.org\/{rel}","templated":true}]}}