{"id":29382,"date":"2026-04-27T05:21:15","date_gmt":"2026-04-27T05:21:15","guid":{"rendered":"https:\/\/eskigazeteci.com\/?p=29382"},"modified":"2026-04-27T05:21:15","modified_gmt":"2026-04-27T05:21:15","slug":"ben-sedayim-rap-de-yaparim","status":"publish","type":"post","link":"https:\/\/eskigazeteci.com\/?p=29382","title":{"rendered":"Ben Seda\u2019y\u0131m rap de yapar\u0131m"},"content":{"rendered":"<p>Seda Sayan ge\u00e7en ak\u015fam K\u0131br\u0131s\u2019taki Nuh\u2019un Gemisi Deluxe Hotel\u2019de sahneye \u00e7\u0131kt\u0131. Sanat\u00e7\u0131, konser \u00f6ncesinde bas\u0131n mensuplar\u0131n\u0131n sorular\u0131n\u0131 yan\u0131tlad\u0131. Gecede \u00e7ifte kutlama yapaca\u011f\u0131n\u0131 s\u00f6yleyen Sayan, \u201cHem 23 Nisan\u2019\u0131 kutlayaca\u011f\u0131z, hem de 24 Nisan\u2019daki evlilik y\u0131ld\u00f6n\u00fcm\u00fcm\u00fc. Denk geldi\u201d dedi. \u00c7a\u011flar \u00d6kten\u2019le evliliklerinde 4 y\u0131l\u0131 tamamlayan Seda Sayan, \u201cNas\u0131l ge\u00e7ti anlamad\u0131k. 4 y\u0131l evlili\u011fimiz, 6 ay da \u00f6ncesi var. Ma\u015fallah. 4 y\u0131l 6 ay\u0131 birbirimize g\u00fcvenerek ge\u00e7irdik. G\u00fcven \u00e7ok \u00f6nemli\u201d diye konu\u015ftu. \u00c7a\u011flar \u00d6kten de a\u015fklar\u0131n\u0131n ilk g\u00fcnk\u00fc gibi canl\u0131 oldu\u011funu s\u00f6yledi: \u201cSu gibi akt\u0131 ma\u015fallah. Her \u015fey canl\u0131 ve dipdiri. Her ge\u00e7en g\u00fczel daha da g\u00fczelle\u015fiyor. B\u00f6yle devam etsin.\u201d<\/p>\n<p>ABUK SABUK \u0130STEKLER\u0130M YOK<\/p>\n<p>Otel taraf\u0131ndan s\u00fcrprizlerle kar\u015f\u0131land\u0131klar\u0131n\u0131 dile getiren Seda Sayan, \u201cKalpler ve \u00e7i\u00e7eklerle kar\u015f\u0131land\u0131k, \u00e7ok ho\u015fuma gitti\u201d dedi. \u00dcnl\u00fc sanat\u00e7\u0131lar\u0131n kaprisleri ve organizat\u00f6rleri \u015fa\u015fk\u0131na \u00e7eviren kulis istekleri hakk\u0131nda konu\u015fan Sayan, \u201cBende \u00f6yle \u015feyler yok. \u0130stedi\u011fim \u015fey; kulisimin g\u00fczel olmas\u0131 ve bir boy aynas\u0131 bulunmas\u0131. Aynan\u0131n etraf\u0131nda da \u0131\u015f\u0131k olsun. Abuk sabuk istekleri olan bir sanat\u00e7\u0131 de\u011filim\u201d ifadelerini kulland\u0131.<\/p>\n<p>SEZEN B\u0130ZE \u015eARKI VERECEK<\/p>\n<p>Yeni projelerinden bahseden Seda Sayan ,&#8230;<\/p>\n","protected":false},"excerpt":{"rendered":"<p>Seda Sayan, m\u00fczik d\u00fcnyas\u0131ndaki \u2018rap\u2019\u00e7ilerle d\u00fcet\u2019 furyas\u0131na ye\u015fil \u0131\u015f\u0131k yakt\u0131: \u201cGen\u00e7ler talep ediyorsa, neden olmas\u0131n? Ben Seda Sayan\u2019\u0131m, rap de yapar\u0131m.\u201d<\/p>\n","protected":false},"author":2,"featured_media":29381,"comment_status":"open","ping_status":"open","sticky":false,"template":"","format":"standard","meta":{"footnotes":""},"categories":[8,6,5],"tags":[],"class_list":["post-29382","post","type-post","status-publish","format-standard","has-post-thumbnail","hentry","category-arsiv","category-gundem","category-son-dakika"],"_links":{"self":[{"href":"https:\/\/eskigazeteci.com\/index.php?rest_route=\/wp\/v2\/posts\/29382","targetHints":{"allow":["GET"]}}],"collection":[{"href":"https:\/\/eskigazeteci.com\/index.php?rest_route=\/wp\/v2\/posts"}],"about":[{"href":"https:\/\/eskigazeteci.com\/index.php?rest_route=\/wp\/v2\/types\/post"}],"author":[{"embeddable":true,"href":"https:\/\/eskigazeteci.com\/index.php?rest_route=\/wp\/v2\/users\/2"}],"replies":[{"embeddable":true,"href":"https:\/\/eskigazeteci.com\/index.php?rest_route=%2Fwp%2Fv2%2Fcomments&post=29382"}],"version-history":[{"count":0,"href":"https:\/\/eskigazeteci.com\/index.php?rest_route=\/wp\/v2\/posts\/29382\/revisions"}],"wp:featuredmedia":[{"embeddable":true,"href":"https:\/\/eskigazeteci.com\/index.php?rest_route=\/wp\/v2\/media\/29381"}],"wp:attachment":[{"href":"https:\/\/eskigazeteci.com\/index.php?rest_route=%2Fwp%2Fv2%2Fmedia&parent=29382"}],"wp:term":[{"taxonomy":"category","embeddable":true,"href":"https:\/\/eskigazeteci.com\/index.php?rest_route=%2Fwp%2Fv2%2Fcategories&post=29382"},{"taxonomy":"post_tag","embeddable":true,"href":"https:\/\/eskigazeteci.com\/index.php?rest_route=%2Fwp%2Fv2%2Ftags&post=29382"}],"curies":[{"name":"wp","href":"https:\/\/api.w.org\/{rel}","templated":true}]}}