{"id":29378,"date":"2026-04-27T05:01:12","date_gmt":"2026-04-27T05:01:12","guid":{"rendered":"https:\/\/eskigazeteci.com\/?p=29378"},"modified":"2026-04-27T05:01:12","modified_gmt":"2026-04-27T05:01:12","slug":"eski-aleynayi-ellerimle-oldurdum","status":"publish","type":"post","link":"https:\/\/eskigazeteci.com\/?p=29378","title":{"rendered":"Eski Aleyna&#8217;y\u0131 ellerimle \u00f6ld\u00fcrd\u00fcm!"},"content":{"rendered":"<p>12 HAZ\u0130RAN\u2019DA TURNE BA\u015eLIYOR Aleyna Tilki uzun aran\u0131n ard\u0131ndan K\u0131br\u0131s\u2019ta m\u00fczikseverlerle bulu\u015ftu. \u00d6nceki gece Lord\u2019s Palace Hotel\u2019de sahneye \u00e7\u0131kan \u015fark\u0131c\u0131, konser \u00f6ncesi bir araya geldi\u011fi bas\u0131n mensuplar\u0131na hem kariyer yolculu\u011funu hem de ge\u00e7irdi\u011fi de\u011fi\u015fimi anlatt\u0131.<\/p>\n<p>Heyecanl\u0131 oldu\u011funu dile getiren Tilki, \u201cUzun zamand\u0131r sahnelerde de\u011fildim. Yava\u015f yava\u015f konserlere ba\u015fl\u0131yorum. Ayn\u0131 zamanda 10\u2019uncu y\u0131l\u0131m\u0131 kutlad\u0131\u011f\u0131m bir d\u00f6nem olacak\u201d dedi. 12 Haziran\u2019da turneye ba\u015flayaca\u011f\u0131n\u0131 belirten \u015fark\u0131c\u0131, bilet sat\u0131\u015flar\u0131n\u0131n beklentisinin \u00fczerinde oldu\u011funu s\u00f6yledi.<\/p>\n<p>ARTIK BASINA MALZEME VERM\u0130YORUM Kariyerinin 10\u2019uncu y\u0131l\u0131nda de\u011fi\u015fme karar\u0131 ald\u0131\u011f\u0131n\u0131 s\u00f6yleyen Aleyna Tilki, \u201cEskiden benden beklenen \u015feyleri yap\u0131yordum. Art\u0131k kimsenin benden duymay\u0131 bekledi\u011fi \u015feyleri s\u00f6ylemiyorum. Bas\u0131na malzeme de vermiyorum. \u00c7\u00fcnk\u00fc insanlar\u0131n art\u0131k ba\u015fka y\u00f6nlerimi konu\u015fmas\u0131n\u0131 istiyorum\u201d dedi. De\u011fi\u015fim s\u00fcrecini \u201cdo\u011fum sanc\u0131s\u0131\u201d olarak tan\u0131mlayan \u015fark\u0131c\u0131, eski imaj\u0131yla bilin\u00e7li \u015fekilde vedala\u015ft\u0131\u011f\u0131n\u0131 ifade etti: \u201cEski Aleyna\u2019y\u0131 kendi ellerimle \u00f6ld\u00fcrd\u00fcm. Yeni bir Aleyna do\u011furmaya \u00e7al\u0131\u015f\u0131yorum. Kariyerine bug\u00fcn ba\u015flam\u0131\u015f bir sanat\u00e7\u0131 gibi hissediyorum.\u201d<\/p>\n<p>DAHA USLU DAHA \u00d6ZG\u00dcR<\/p>\n<p>Aleyna Tilki , daha \u00f6nce m\u00fczi\u011finden \u00e7ok giyim tarz\u0131&#8230;<\/p>\n","protected":false},"excerpt":{"rendered":"<p>Aleyna Tilki, kariyerinin 10\u2019uncu y\u0131l\u0131nda de\u011fi\u015fim karar\u0131 ald\u0131: \u201cEski Aleyna\u2019y\u0131 kendi ellerimle \u00f6ld\u00fcrd\u00fcm. Yeni bir Aleyna do\u011fuyor!\u201d<\/p>\n","protected":false},"author":2,"featured_media":29377,"comment_status":"open","ping_status":"open","sticky":false,"template":"","format":"standard","meta":{"footnotes":""},"categories":[8,6,5],"tags":[],"class_list":["post-29378","post","type-post","status-publish","format-standard","has-post-thumbnail","hentry","category-arsiv","category-gundem","category-son-dakika"],"_links":{"self":[{"href":"https:\/\/eskigazeteci.com\/index.php?rest_route=\/wp\/v2\/posts\/29378","targetHints":{"allow":["GET"]}}],"collection":[{"href":"https:\/\/eskigazeteci.com\/index.php?rest_route=\/wp\/v2\/posts"}],"about":[{"href":"https:\/\/eskigazeteci.com\/index.php?rest_route=\/wp\/v2\/types\/post"}],"author":[{"embeddable":true,"href":"https:\/\/eskigazeteci.com\/index.php?rest_route=\/wp\/v2\/users\/2"}],"replies":[{"embeddable":true,"href":"https:\/\/eskigazeteci.com\/index.php?rest_route=%2Fwp%2Fv2%2Fcomments&post=29378"}],"version-history":[{"count":0,"href":"https:\/\/eskigazeteci.com\/index.php?rest_route=\/wp\/v2\/posts\/29378\/revisions"}],"wp:featuredmedia":[{"embeddable":true,"href":"https:\/\/eskigazeteci.com\/index.php?rest_route=\/wp\/v2\/media\/29377"}],"wp:attachment":[{"href":"https:\/\/eskigazeteci.com\/index.php?rest_route=%2Fwp%2Fv2%2Fmedia&parent=29378"}],"wp:term":[{"taxonomy":"category","embeddable":true,"href":"https:\/\/eskigazeteci.com\/index.php?rest_route=%2Fwp%2Fv2%2Fcategories&post=29378"},{"taxonomy":"post_tag","embeddable":true,"href":"https:\/\/eskigazeteci.com\/index.php?rest_route=%2Fwp%2Fv2%2Ftags&post=29378"}],"curies":[{"name":"wp","href":"https:\/\/api.w.org\/{rel}","templated":true}]}}