{"id":29374,"date":"2026-04-27T04:51:13","date_gmt":"2026-04-27T04:51:13","guid":{"rendered":"https:\/\/eskigazeteci.com\/?p=29374"},"modified":"2026-04-27T04:51:13","modified_gmt":"2026-04-27T04:51:13","slug":"son-dakika-deprem-mi-oldu-27-nisan-pazartesi-guncel-afad-kandilli-son-depremler-listesi-biraz-once-nerede-kac-siddetinde-deprem-oldu","status":"publish","type":"post","link":"https:\/\/eskigazeteci.com\/?p=29374","title":{"rendered":"Son dakika deprem mi oldu? 27 Nisan Pazartesi g\u00fcncel AFAD\/KAND\u0130LL\u0130 son depremler listesi&#8230; Biraz \u00f6nce nerede, ka\u00e7 \u015fiddetinde deprem oldu?"},"content":{"rendered":"<p>Son dakika deprem bilgisi, g\u00fcn i\u00e7erisinde meydana gelen sars\u0131nt\u0131larla beraber ara\u015ft\u0131r\u0131l\u0131yor. Ya\u015fanan sars\u0131nt\u0131lar anbean kurumlar\u0131n listesine de yans\u0131yor. AFAD ve Kandilli Rasathanesi, son dakika depremler listesi, yeni verilerle g\u00fcncelleniyor ve depremin merkez \u00fcss\u00fc, saati, derinli\u011fi, \u015fiddeti ve b\u00fcy\u00fckl\u00fc\u011f\u00fc gibi detay bilgileri yer al\u0131yor. Peki son dakika deprem mi oldu? Az \u00f6nce nerede ve ka\u00e7 \u015fiddetinde deprem oldu? \u0130\u015fte AFAD ve Kandilli son depremler ekran\u0131 ile en yeni bilgiler&#8230;<\/p>\n<p>Mu\u015f&#x27;un Bulan\u0131k il\u00e7esinde 26 Nisan Pazar ak\u015fam\u0131 saat 19.48&#x27;de 4,1 b\u00fcy\u00fckl\u00fc\u011f\u00fcnde deprem meydana geldi. Afet ve Acil Durum Y\u00f6netimi Ba\u015fkanl\u0131\u011f\u0131n\u0131n (AFAD) internet sitesinde yer alan bilgiye g\u00f6re, merkez \u00fcss\u00fc Bulan\u0131k olan 4,1 b\u00fcy\u00fckl\u00fc\u011f\u00fcnde sars\u0131nt\u0131 kaydedildi. Depremin 15,56 kilometre derinlikte meydana geldi\u011fi belirlendi.<\/p>\n<p>Mu\u015f&#x27;un Bulan\u0131k il\u00e7esinde 26 Nisan Pazar ak\u015fam\u0131 saat 19.48&#x27;de 4,1 b\u00fcy\u00fckl\u00fc\u011f\u00fcnde deprem meydana geldi.<\/p>\n<p>Afet ve Acil Durum Y\u00f6netimi Ba\u015fkanl\u0131\u011f\u0131n\u0131n (AFAD) internet sitesinde yer alan bilgiye g\u00f6re, merkez \u00fcss\u00fc Bulan\u0131k olan 4,1 b\u00fcy\u00fckl\u00fc\u011f\u00fcnde sars\u0131nt\u0131 kaydedildi.<\/p>\n<p>Depremin 15,56 kilometre derinlikte meydana geldi\u011fi belirlendi.<\/p>\n<p>Tarih(TS) Derinlik(Km) Tip B\u00fcy\u00fckl\u00fck Yer 2026-04-27 07:22:59 5.8 ML 1.6&#8230;<\/p>\n","protected":false},"excerpt":{"rendered":"<p>Son dakika deprem bilgisi, 27 Nisan 2026 Pazartesi g\u00fcn\u00fc hissedilen sars\u0131nt\u0131larla beraber ara\u015ft\u0131r\u0131l\u0131yor. AFAD\/Kandilli son depremler listesine g\u00f6re sabaha&#8230;<\/p>\n","protected":false},"author":2,"featured_media":29373,"comment_status":"open","ping_status":"open","sticky":false,"template":"","format":"standard","meta":{"footnotes":""},"categories":[8,6,5],"tags":[],"class_list":["post-29374","post","type-post","status-publish","format-standard","has-post-thumbnail","hentry","category-arsiv","category-gundem","category-son-dakika"],"_links":{"self":[{"href":"https:\/\/eskigazeteci.com\/index.php?rest_route=\/wp\/v2\/posts\/29374","targetHints":{"allow":["GET"]}}],"collection":[{"href":"https:\/\/eskigazeteci.com\/index.php?rest_route=\/wp\/v2\/posts"}],"about":[{"href":"https:\/\/eskigazeteci.com\/index.php?rest_route=\/wp\/v2\/types\/post"}],"author":[{"embeddable":true,"href":"https:\/\/eskigazeteci.com\/index.php?rest_route=\/wp\/v2\/users\/2"}],"replies":[{"embeddable":true,"href":"https:\/\/eskigazeteci.com\/index.php?rest_route=%2Fwp%2Fv2%2Fcomments&post=29374"}],"version-history":[{"count":0,"href":"https:\/\/eskigazeteci.com\/index.php?rest_route=\/wp\/v2\/posts\/29374\/revisions"}],"wp:featuredmedia":[{"embeddable":true,"href":"https:\/\/eskigazeteci.com\/index.php?rest_route=\/wp\/v2\/media\/29373"}],"wp:attachment":[{"href":"https:\/\/eskigazeteci.com\/index.php?rest_route=%2Fwp%2Fv2%2Fmedia&parent=29374"}],"wp:term":[{"taxonomy":"category","embeddable":true,"href":"https:\/\/eskigazeteci.com\/index.php?rest_route=%2Fwp%2Fv2%2Fcategories&post=29374"},{"taxonomy":"post_tag","embeddable":true,"href":"https:\/\/eskigazeteci.com\/index.php?rest_route=%2Fwp%2Fv2%2Ftags&post=29374"}],"curies":[{"name":"wp","href":"https:\/\/api.w.org\/{rel}","templated":true}]}}