{"id":29340,"date":"2026-04-27T04:19:25","date_gmt":"2026-04-27T04:19:25","guid":{"rendered":"https:\/\/eskigazeteci.com\/?p=29340"},"modified":"2026-04-27T04:19:25","modified_gmt":"2026-04-27T04:19:25","slug":"926-km-uzunlugundaki-menzilli-amiral-gemisi","status":"publish","type":"post","link":"https:\/\/eskigazeteci.com\/?p=29340","title":{"rendered":"926 km uzunlu\u011fundaki Menzilli Amiral Gemisi"},"content":{"rendered":"<p>Gazeteci \u00fcslubu: &#x27;Amiral&#x27; kelimesi, bu gemiyi tan\u0131mlamak i\u00e7in kullan\u0131l\u0131r. Mercedes-Benz, tamamen elektrikli l\u00fcks sedans\u0131 Mercedes-Benz EQS\u2019i kapsaml\u0131 \u015fekilde yeniledi.<\/p>\n","protected":false},"excerpt":{"rendered":"<p>Gazeteci \u00fcslubu: &#8216;Amiral&#8217; kelimesi, bu gemiyi tan\u0131mlamak i\u00e7in kullan\u0131l\u0131r. Mercedes-Benz, tamamen elektrikli l\u00fcks sedans\u0131 Mercedes-Benz EQS\u2019i kapsaml\u0131 \u015fekilde yeniledi.<\/p>\n","protected":false},"author":2,"featured_media":29339,"comment_status":"open","ping_status":"open","sticky":false,"template":"","format":"standard","meta":{"footnotes":""},"categories":[8,6,5],"tags":[],"class_list":["post-29340","post","type-post","status-publish","format-standard","has-post-thumbnail","hentry","category-arsiv","category-gundem","category-son-dakika"],"_links":{"self":[{"href":"https:\/\/eskigazeteci.com\/index.php?rest_route=\/wp\/v2\/posts\/29340","targetHints":{"allow":["GET"]}}],"collection":[{"href":"https:\/\/eskigazeteci.com\/index.php?rest_route=\/wp\/v2\/posts"}],"about":[{"href":"https:\/\/eskigazeteci.com\/index.php?rest_route=\/wp\/v2\/types\/post"}],"author":[{"embeddable":true,"href":"https:\/\/eskigazeteci.com\/index.php?rest_route=\/wp\/v2\/users\/2"}],"replies":[{"embeddable":true,"href":"https:\/\/eskigazeteci.com\/index.php?rest_route=%2Fwp%2Fv2%2Fcomments&post=29340"}],"version-history":[{"count":0,"href":"https:\/\/eskigazeteci.com\/index.php?rest_route=\/wp\/v2\/posts\/29340\/revisions"}],"wp:featuredmedia":[{"embeddable":true,"href":"https:\/\/eskigazeteci.com\/index.php?rest_route=\/wp\/v2\/media\/29339"}],"wp:attachment":[{"href":"https:\/\/eskigazeteci.com\/index.php?rest_route=%2Fwp%2Fv2%2Fmedia&parent=29340"}],"wp:term":[{"taxonomy":"category","embeddable":true,"href":"https:\/\/eskigazeteci.com\/index.php?rest_route=%2Fwp%2Fv2%2Fcategories&post=29340"},{"taxonomy":"post_tag","embeddable":true,"href":"https:\/\/eskigazeteci.com\/index.php?rest_route=%2Fwp%2Fv2%2Ftags&post=29340"}],"curies":[{"name":"wp","href":"https:\/\/api.w.org\/{rel}","templated":true}]}}