{"id":29338,"date":"2026-04-27T04:18:38","date_gmt":"2026-04-27T04:18:38","guid":{"rendered":"https:\/\/eskigazeteci.com\/?p=29338"},"modified":"2026-04-27T04:18:38","modified_gmt":"2026-04-27T04:18:38","slug":"turkiyenin-tasarruf-araclari-yeni-sahnede","status":"publish","type":"post","link":"https:\/\/eskigazeteci.com\/?p=29338","title":{"rendered":"T\u00fcrkiye&#8217;nin tasarruf ara\u00e7lar\u0131 yeni sahnede"},"content":{"rendered":"<p>G\u00fcncel g\u00f6stergeler, 1-3 ay vadeli ortalama TL mevduat faizinin y\u00fczde 40.6\u2019ya y\u00fckseldi\u011fi ve bu s\u00fcre\u00e7 TCMB&#x27;nin ataca\u011f\u0131 ad\u0131mlar ve enflasyon g\u00f6r\u00fcn\u00fcm\u00fcyle belirleyici oluyor.<\/p>\n","protected":false},"excerpt":{"rendered":"<p>\u0130ran sava\u015f\u0131na kadar yurti\u00e7inde ya\u015fanan faiz indirim d\u00f6ng\u00fcs\u00fc<\/p>\n","protected":false},"author":2,"featured_media":29337,"comment_status":"open","ping_status":"open","sticky":false,"template":"","format":"standard","meta":{"footnotes":""},"categories":[8,6,5],"tags":[],"class_list":["post-29338","post","type-post","status-publish","format-standard","has-post-thumbnail","hentry","category-arsiv","category-gundem","category-son-dakika"],"_links":{"self":[{"href":"https:\/\/eskigazeteci.com\/index.php?rest_route=\/wp\/v2\/posts\/29338","targetHints":{"allow":["GET"]}}],"collection":[{"href":"https:\/\/eskigazeteci.com\/index.php?rest_route=\/wp\/v2\/posts"}],"about":[{"href":"https:\/\/eskigazeteci.com\/index.php?rest_route=\/wp\/v2\/types\/post"}],"author":[{"embeddable":true,"href":"https:\/\/eskigazeteci.com\/index.php?rest_route=\/wp\/v2\/users\/2"}],"replies":[{"embeddable":true,"href":"https:\/\/eskigazeteci.com\/index.php?rest_route=%2Fwp%2Fv2%2Fcomments&post=29338"}],"version-history":[{"count":0,"href":"https:\/\/eskigazeteci.com\/index.php?rest_route=\/wp\/v2\/posts\/29338\/revisions"}],"wp:featuredmedia":[{"embeddable":true,"href":"https:\/\/eskigazeteci.com\/index.php?rest_route=\/wp\/v2\/media\/29337"}],"wp:attachment":[{"href":"https:\/\/eskigazeteci.com\/index.php?rest_route=%2Fwp%2Fv2%2Fmedia&parent=29338"}],"wp:term":[{"taxonomy":"category","embeddable":true,"href":"https:\/\/eskigazeteci.com\/index.php?rest_route=%2Fwp%2Fv2%2Fcategories&post=29338"},{"taxonomy":"post_tag","embeddable":true,"href":"https:\/\/eskigazeteci.com\/index.php?rest_route=%2Fwp%2Fv2%2Ftags&post=29338"}],"curies":[{"name":"wp","href":"https:\/\/api.w.org\/{rel}","templated":true}]}}