{"id":29336,"date":"2026-04-27T04:17:31","date_gmt":"2026-04-27T04:17:31","guid":{"rendered":"https:\/\/eskigazeteci.com\/?p=29336"},"modified":"2026-04-27T04:17:31","modified_gmt":"2026-04-27T04:17:31","slug":"fenerbahce-tribununde-unlu-simalar","status":"publish","type":"post","link":"https:\/\/eskigazeteci.com\/?p=29336","title":{"rendered":"Fenerbah\u00e7e trib\u00fcn\u00fcnde \u00fcnl\u00fc simalar!"},"content":{"rendered":"<p>RAMS Park\u2019taki derbiyi d\u00fcn F.Bah\u00e7e taraftarlar\u0131 da kendilerine ayr\u0131lan b\u00f6l\u00fcmden takip etti. Yakla\u015f\u0131k 2300 sar\u0131 lacivertlili taraftar d\u00fcn \u00f6nce saat 15.00\u2019te Chobani Stad\u0131\u2019nda topland\u0131. Organizasyon kapsam\u0131nda taraftarlara \u00e7ubuklu formalar da\u011f\u0131t\u0131ld\u0131.<\/p>\n<p>G\u00fcvenlik \u00f6nlemleri e\u015fli\u011finde hareket eden taraftarlar, \u00f6zel kiralanan 45 otob\u00fcsle toplu \u015fekilde RAMS Park\u2019a vard\u0131. Stada tezah\u00fcratlar e\u015fli\u011finde giren sar\u0131 lacivertliler 90 dakika tak\u0131mlar\u0131na destek verdi.<\/p>\n<p>\u00dcnl\u00fc sinema ve tiyatro oyuncularu \u0130lker Ayr\u0131k, \u015eevket \u00c7oruh, G\u00f6khan \u00d6zo\u011fuz, Bora Cengiz ve Ceyhun Fersoy da Fenerbah\u00e7e taraftar\u0131yla Rams Park\u2019ta yer ald\u0131.<\/p>\n<p>T\u00fcrkiye&#x27;den ve D\u00fcnya\u2019dan son dakika haberleri, k\u00f6\u015fe yaz\u0131lar\u0131, magazinden siyasete, spordan seyahate b\u00fct\u00fcn konular\u0131n tek adresi Hurriyet.com.tr haber i\u00e7erikleri izin al\u0131nmadan, kaynak g\u00f6sterilerek dahi iktibas edilemez. Kanuna ayk\u0131r\u0131 ve izinsiz olarak kopyalanamaz, ba\u015fka yerde yay\u0131nlanamaz.<\/p>\n","protected":false},"excerpt":{"rendered":"<p>\u00dcnl\u00fc sinema ve tiyatro oyuncularu G\u00f6khan \u00d6zo\u011fuz, \u015eevket \u00c7oruh, \u0130lker Ayr\u0131k, Ceyhun Fersoy ve Bora Cengiz de Fenerbah\u00e7e taraftar\u0131yla Rams Park\u2019ta yer ald\u0131.<\/p>\n","protected":false},"author":2,"featured_media":29335,"comment_status":"open","ping_status":"open","sticky":false,"template":"","format":"standard","meta":{"footnotes":""},"categories":[8,5,7],"tags":[],"class_list":["post-29336","post","type-post","status-publish","format-standard","has-post-thumbnail","hentry","category-arsiv","category-son-dakika","category-spor"],"_links":{"self":[{"href":"https:\/\/eskigazeteci.com\/index.php?rest_route=\/wp\/v2\/posts\/29336","targetHints":{"allow":["GET"]}}],"collection":[{"href":"https:\/\/eskigazeteci.com\/index.php?rest_route=\/wp\/v2\/posts"}],"about":[{"href":"https:\/\/eskigazeteci.com\/index.php?rest_route=\/wp\/v2\/types\/post"}],"author":[{"embeddable":true,"href":"https:\/\/eskigazeteci.com\/index.php?rest_route=\/wp\/v2\/users\/2"}],"replies":[{"embeddable":true,"href":"https:\/\/eskigazeteci.com\/index.php?rest_route=%2Fwp%2Fv2%2Fcomments&post=29336"}],"version-history":[{"count":0,"href":"https:\/\/eskigazeteci.com\/index.php?rest_route=\/wp\/v2\/posts\/29336\/revisions"}],"wp:featuredmedia":[{"embeddable":true,"href":"https:\/\/eskigazeteci.com\/index.php?rest_route=\/wp\/v2\/media\/29335"}],"wp:attachment":[{"href":"https:\/\/eskigazeteci.com\/index.php?rest_route=%2Fwp%2Fv2%2Fmedia&parent=29336"}],"wp:term":[{"taxonomy":"category","embeddable":true,"href":"https:\/\/eskigazeteci.com\/index.php?rest_route=%2Fwp%2Fv2%2Fcategories&post=29336"},{"taxonomy":"post_tag","embeddable":true,"href":"https:\/\/eskigazeteci.com\/index.php?rest_route=%2Fwp%2Fv2%2Ftags&post=29336"}],"curies":[{"name":"wp","href":"https:\/\/api.w.org\/{rel}","templated":true}]}}