{"id":29332,"date":"2026-04-27T04:14:28","date_gmt":"2026-04-27T04:14:28","guid":{"rendered":"https:\/\/eskigazeteci.com\/?p=29332"},"modified":"2026-04-27T04:14:28","modified_gmt":"2026-04-27T04:14:28","slug":"fenerbahce-yonetimi-saat-14-00te-toplaniyor","status":"publish","type":"post","link":"https:\/\/eskigazeteci.com\/?p=29332","title":{"rendered":"Fenerbah\u00e7e y\u00f6netimi saat 14.00&#8217;te toplan\u0131yor!"},"content":{"rendered":"<p>Fenerbah\u00e7e Y\u00f6netim Kurulu, 3-0\u2019l\u0131k Galatasaray yenilgisi sonras\u0131 ola\u011fan\u00fcst\u00fc toplant\u0131 yapma karar\u0131 ald\u0131. Sar\u0131 lacivertliler bug\u00fcn saat 14.00\u2019te toplanarak, derbi ma\u011flubiyetini de\u011ferlendirecek.<\/p>\n<p>Fenerbah\u00e7e Futbol \u015fubesi sorumlusu Ertan Toruno\u011fullar\u0131, Galatasaray ma\u00e7\u0131 sonras\u0131 yapt\u0131\u011f\u0131 a\u00e7\u0131klamada, bug\u00fcnk\u00fc toplant\u0131da radikal kararlar al\u0131naca\u011f\u0131n\u0131n sinyalini verdi.<\/p>\n<p>S\u00f6zlerine \u00f6ncelikle, \u201cSak\u0131n ha sezonu herkese hay\u0131rl\u0131 olsun!\u201d diyerek ba\u015flan Toruno\u011fullar\u0131, \u201cTak\u0131m ve y\u00f6netim olarak baz\u0131 kararlar alaca\u011f\u0131z. Yonetim kurulu toplant\u0131s\u0131ndan sonra bu kararlar\u0131 en k\u0131sa zamanda kamuoyu ile payla\u015faca\u011f\u0131z\u201d ifadelerini kulland\u0131<\/p>\n<p>T\u00fcrkiye&#x27;den ve D\u00fcnya\u2019dan son dakika haberleri, k\u00f6\u015fe yaz\u0131lar\u0131, magazinden siyasete, spordan seyahate b\u00fct\u00fcn konular\u0131n tek adresi Hurriyet.com.tr haber i\u00e7erikleri izin al\u0131nmadan, kaynak g\u00f6sterilerek dahi iktibas edilemez. Kanuna ayk\u0131r\u0131 ve izinsiz olarak kopyalanamaz, ba\u015fka yerde yay\u0131nlanamaz.<\/p>\n","protected":false},"excerpt":{"rendered":"<p>Derbi yenilgisi sonras\u0131 sar\u0131-lacivertli kul\u00fcpte ola\u011fan\u00fcst\u00fc hal&#8230;<\/p>\n","protected":false},"author":2,"featured_media":29331,"comment_status":"open","ping_status":"open","sticky":false,"template":"","format":"standard","meta":{"footnotes":""},"categories":[8,5,7],"tags":[],"class_list":["post-29332","post","type-post","status-publish","format-standard","has-post-thumbnail","hentry","category-arsiv","category-son-dakika","category-spor"],"_links":{"self":[{"href":"https:\/\/eskigazeteci.com\/index.php?rest_route=\/wp\/v2\/posts\/29332","targetHints":{"allow":["GET"]}}],"collection":[{"href":"https:\/\/eskigazeteci.com\/index.php?rest_route=\/wp\/v2\/posts"}],"about":[{"href":"https:\/\/eskigazeteci.com\/index.php?rest_route=\/wp\/v2\/types\/post"}],"author":[{"embeddable":true,"href":"https:\/\/eskigazeteci.com\/index.php?rest_route=\/wp\/v2\/users\/2"}],"replies":[{"embeddable":true,"href":"https:\/\/eskigazeteci.com\/index.php?rest_route=%2Fwp%2Fv2%2Fcomments&post=29332"}],"version-history":[{"count":0,"href":"https:\/\/eskigazeteci.com\/index.php?rest_route=\/wp\/v2\/posts\/29332\/revisions"}],"wp:featuredmedia":[{"embeddable":true,"href":"https:\/\/eskigazeteci.com\/index.php?rest_route=\/wp\/v2\/media\/29331"}],"wp:attachment":[{"href":"https:\/\/eskigazeteci.com\/index.php?rest_route=%2Fwp%2Fv2%2Fmedia&parent=29332"}],"wp:term":[{"taxonomy":"category","embeddable":true,"href":"https:\/\/eskigazeteci.com\/index.php?rest_route=%2Fwp%2Fv2%2Fcategories&post=29332"},{"taxonomy":"post_tag","embeddable":true,"href":"https:\/\/eskigazeteci.com\/index.php?rest_route=%2Fwp%2Fv2%2Ftags&post=29332"}],"curies":[{"name":"wp","href":"https:\/\/api.w.org\/{rel}","templated":true}]}}