{"id":29328,"date":"2026-04-27T04:11:23","date_gmt":"2026-04-27T04:11:23","guid":{"rendered":"https:\/\/eskigazeteci.com\/?p=29328"},"modified":"2026-04-27T04:11:23","modified_gmt":"2026-04-27T04:11:23","slug":"sergen-yalcinli-besiktas-100-macinda-3-puan-ariyor","status":"publish","type":"post","link":"https:\/\/eskigazeteci.com\/?p=29328","title":{"rendered":"Sergen Yal\u00e7\u0131n&#8217;l\u0131 Be\u015fikta\u015f 100. ma\u00e7\u0131nda 3 puan ar\u0131yor!"},"content":{"rendered":"<p>S\u00fcper Lig\u2019de 4. s\u0131rada yer alan Be\u015fikta\u015f , 31. hafta ma\u00e7\u0131nda puan cetvelinin son s\u0131ras\u0131ndaki M\u0131s\u0131rl\u0131.com. tr Fatih Karag\u00fcmr\u00fck\u2019\u00fc konuk edecek. T\u00fcpra\u015f Park Stad\u0131\u2019nda saat 20.00\u2019de ba\u015flayacak kar\u015f\u0131la\u015fman\u0131n hakemi Batuhan Kolak. Be\u015fikta\u015f\u2019ta sakat olan Kartal Kayra ile cezal\u0131 Murillo ve kaleci Ersin oynamayacak. Karag\u00fcmr\u00fck\u2019te ise Camacho, Ahmet, Kone ve Onogo sakat. Siyah beyazl\u0131larda, cezal\u0131 olan Ersin\u2019in yerine kalede, ara transferde kiral\u0131k gelen Devis Vasquez\u2019in oynamas\u0131 bekleniyor. Kolombiyal\u0131 file bek\u00e7isi, g\u00f6rev verilmesi halinde ilk kez siyah beyazl\u0131 formay\u0131 giyecek..<\/p>\n<p>99 MA\u00c7TA 57 GALiBiYET<\/p>\n<p>Sergen Yal\u00e7\u0131n, bug\u00fcn oynanacak Karag\u00fcmr\u00fck kar\u015f\u0131la\u015fmas\u0131yla siyah beyazl\u0131 tak\u0131m\u0131n ba\u015f\u0131ndaki 100. S\u00fcper Lig ma\u00e7\u0131na \u00e7\u0131kacak. Be\u015fikta\u015f\u2019taki ikinci d\u00f6nemini ya\u015fayan 53 ya\u015f\u0131ndaki teknik adam, tak\u0131m\u0131n ba\u015f\u0131nda S\u00fcper Lig\u2019de 99 ma\u00e7\u0131 geride b\u0131rakt\u0131. S\u00f6z konusu s\u00fcre\u00e7te 57 galibiyet alan deneyimli \u00e7al\u0131\u015ft\u0131r\u0131c\u0131, 18 beraberlik ya\u015fad\u0131. Yal\u00e7\u0131n, 24 ma\u00e7ta ise sahadan yenilgiyle ayr\u0131ld\u0131.<\/p>\n<p>99 LiG, 18 KUPA MA\u00c7INA \u00c7IKTI<\/p>\n<p>Sergen Yal\u00e7\u0131n , Be\u015fikta\u015f\u2019ta iki farkl\u0131 d\u00f6nemde ge\u00e7irdi\u011fi teknik direkt\u00f6rl\u00fc\u011f\u00fcnde toplam 117 resmi ma\u00e7ta (99 S\u00fcper Lig , 18 T\u00fcrkiye Kupas\u0131) g\u00f6rev yapt\u0131. Kartal, bu kar\u015f\u0131la\u015fmalarda 66 galibiyet, 20&#8230;<\/p>\n","protected":false},"excerpt":{"rendered":"<p>Be\u015fikta\u015f, saat 20.00&#8217;de lig sonuncusu Fatih Karag\u00fcmr\u00fck&#8217;\u00fc konuk edecek.<\/p>\n","protected":false},"author":2,"featured_media":29327,"comment_status":"open","ping_status":"open","sticky":false,"template":"","format":"standard","meta":{"footnotes":""},"categories":[8,5,7],"tags":[],"class_list":["post-29328","post","type-post","status-publish","format-standard","has-post-thumbnail","hentry","category-arsiv","category-son-dakika","category-spor"],"_links":{"self":[{"href":"https:\/\/eskigazeteci.com\/index.php?rest_route=\/wp\/v2\/posts\/29328","targetHints":{"allow":["GET"]}}],"collection":[{"href":"https:\/\/eskigazeteci.com\/index.php?rest_route=\/wp\/v2\/posts"}],"about":[{"href":"https:\/\/eskigazeteci.com\/index.php?rest_route=\/wp\/v2\/types\/post"}],"author":[{"embeddable":true,"href":"https:\/\/eskigazeteci.com\/index.php?rest_route=\/wp\/v2\/users\/2"}],"replies":[{"embeddable":true,"href":"https:\/\/eskigazeteci.com\/index.php?rest_route=%2Fwp%2Fv2%2Fcomments&post=29328"}],"version-history":[{"count":0,"href":"https:\/\/eskigazeteci.com\/index.php?rest_route=\/wp\/v2\/posts\/29328\/revisions"}],"wp:featuredmedia":[{"embeddable":true,"href":"https:\/\/eskigazeteci.com\/index.php?rest_route=\/wp\/v2\/media\/29327"}],"wp:attachment":[{"href":"https:\/\/eskigazeteci.com\/index.php?rest_route=%2Fwp%2Fv2%2Fmedia&parent=29328"}],"wp:term":[{"taxonomy":"category","embeddable":true,"href":"https:\/\/eskigazeteci.com\/index.php?rest_route=%2Fwp%2Fv2%2Fcategories&post=29328"},{"taxonomy":"post_tag","embeddable":true,"href":"https:\/\/eskigazeteci.com\/index.php?rest_route=%2Fwp%2Fv2%2Ftags&post=29328"}],"curies":[{"name":"wp","href":"https:\/\/api.w.org\/{rel}","templated":true}]}}