{"id":29326,"date":"2026-04-27T04:09:51","date_gmt":"2026-04-27T04:09:51","guid":{"rendered":"https:\/\/eskigazeteci.com\/?p=29326"},"modified":"2026-04-27T04:09:51","modified_gmt":"2026-04-27T04:09:51","slug":"trabzonspor-2-lik-icin-konya-karsisinda","status":"publish","type":"post","link":"https:\/\/eskigazeteci.com\/?p=29326","title":{"rendered":"Trabzonspor 2.&#8217;lik i\u00e7in Konya kar\u015f\u0131s\u0131nda!"},"content":{"rendered":"<p>Trabzonspor bug\u00fcn deplasmanda T\u00dcMOSAN Konyaspor ile kar\u015f\u0131la\u015facak.<\/p>\n<p>MEDA\u015e Konya B\u00fcy\u00fck\u015fehir Stad\u0131\u2019nda saat 20.00\u2019de ba\u015flayacak kar\u015f\u0131la\u015fmay\u0131, hakem Halil Umut Meler y\u00f6netecek.<\/p>\n<p>Ligin son 2 haftas\u0131nda Corendon Alanyaspor ve RAMS Ba\u015fak\u015fehir ile berabere kalarak \u015fampiyonluk yar\u0131\u015f\u0131nda yara alan bordo mavili tak\u0131m, Konya deplasman\u0131ndan galibiyetle ayr\u0131larak zirve m\u00fccadelesini s\u00fcrd\u00fcrmek istiyor.<\/p>\n<p>Bordo mavililerde Batagov, Savic ve Okay sakatl\u0131klar\u0131 nedeniyle forma giyemeyecek. Uzun s\u00fcreli tedavisi tamamlanan Visca\u2019n\u0131n ise haz\u0131r olmamas\u0131 nedeniyle oynamas\u0131 beklenmiyor.<\/p>\n<p>Konyaspor\u2019da, sakatl\u0131klar\u0131 s\u00fcren Tunahan ve Ufuk ile cezal\u0131 olan Bazoer ve Bjorlo bug\u00fcnk\u00fc ma\u00e7ta g\u00f6rev alamayacak. Son haftalar\u0131n en formda tak\u0131mlar\u0131 aras\u0131nda yer alan ye\u015fil beyazl\u0131lar, 6\u2019s\u0131 lig, 2\u2019si T\u00fcrkiye Kupas\u0131 olmak \u00fczere son 8 ma\u00e7ta yenilgi y\u00fcz\u00fc g\u00f6rmedi ve 6 galibiyet, 2 beraberlik ald\u0131.<\/p>\n<p>Trabzonspor bu ma\u00e7\u0131 kazand\u0131\u011f\u0131 takdirde, ikinci s\u0131raya \u00e7\u0131kacak ve Be\u015fikta\u015f \u2019\u0131n Karag\u00fcmr\u00fck ile oynayaca\u011f\u0131 kar\u015f\u0131la\u015fman\u0131n sonucuna bakmaks\u0131z\u0131n bitime 3 hafta kala lig 3\u2019\u00fcnc\u00fcl\u00fc\u011f\u00fcn\u00fc de garantileyecek.<\/p>\n<p>Muhtemel 11&#x27;ler;<\/p>\n<p>Konyaspor : Deniz Erta\u015f, U\u011furcan, Nagalo, Adil, Arif, Berkan, Melih, Deniz T\u00fcr\u00fc\u00e7, Gon\u00e7alves, Olaigbe,&#8230;<\/p>\n","protected":false},"excerpt":{"rendered":"<p>Ligde son 2 ma\u00e7\u0131nda Alanya ve Ba\u015fak\u015fehir ile berabere kalan bordo-mavililer, zorlu deplasmanda kazan\u0131rsa, Be\u015fikta\u015f\u2019\u0131n ma\u00e7\u0131na bakmaks\u0131z\u0131n ligi \u00fc\u00e7\u00fcnc\u00fc s\u0131rada&#8230;<\/p>\n","protected":false},"author":2,"featured_media":29325,"comment_status":"open","ping_status":"open","sticky":false,"template":"","format":"standard","meta":{"footnotes":""},"categories":[8,5,7],"tags":[],"class_list":["post-29326","post","type-post","status-publish","format-standard","has-post-thumbnail","hentry","category-arsiv","category-son-dakika","category-spor"],"_links":{"self":[{"href":"https:\/\/eskigazeteci.com\/index.php?rest_route=\/wp\/v2\/posts\/29326","targetHints":{"allow":["GET"]}}],"collection":[{"href":"https:\/\/eskigazeteci.com\/index.php?rest_route=\/wp\/v2\/posts"}],"about":[{"href":"https:\/\/eskigazeteci.com\/index.php?rest_route=\/wp\/v2\/types\/post"}],"author":[{"embeddable":true,"href":"https:\/\/eskigazeteci.com\/index.php?rest_route=\/wp\/v2\/users\/2"}],"replies":[{"embeddable":true,"href":"https:\/\/eskigazeteci.com\/index.php?rest_route=%2Fwp%2Fv2%2Fcomments&post=29326"}],"version-history":[{"count":0,"href":"https:\/\/eskigazeteci.com\/index.php?rest_route=\/wp\/v2\/posts\/29326\/revisions"}],"wp:featuredmedia":[{"embeddable":true,"href":"https:\/\/eskigazeteci.com\/index.php?rest_route=\/wp\/v2\/media\/29325"}],"wp:attachment":[{"href":"https:\/\/eskigazeteci.com\/index.php?rest_route=%2Fwp%2Fv2%2Fmedia&parent=29326"}],"wp:term":[{"taxonomy":"category","embeddable":true,"href":"https:\/\/eskigazeteci.com\/index.php?rest_route=%2Fwp%2Fv2%2Fcategories&post=29326"},{"taxonomy":"post_tag","embeddable":true,"href":"https:\/\/eskigazeteci.com\/index.php?rest_route=%2Fwp%2Fv2%2Ftags&post=29326"}],"curies":[{"name":"wp","href":"https:\/\/api.w.org\/{rel}","templated":true}]}}