{"id":29322,"date":"2026-04-27T04:07:42","date_gmt":"2026-04-27T04:07:42","guid":{"rendered":"https:\/\/eskigazeteci.com\/?p=29322"},"modified":"2026-04-27T04:07:42","modified_gmt":"2026-04-27T04:07:42","slug":"filistinli-kadinlarin-hikayesi-nakislarda","status":"publish","type":"post","link":"https:\/\/eskigazeteci.com\/?p=29322","title":{"rendered":"Filistinli kad\u0131nlar\u0131n hik\u00e2yesi nak\u0131\u015flarda"},"content":{"rendered":"<p>Cumhurba\u015fkan\u0131 Tayyip Erdo\u011fan \u2019\u0131n e\u015fi Emine Erdo\u011fan\u2019\u0131n Onursal Ba\u015fkan\u0131 oldu\u011fu TOGEM-DER taraf\u0131ndan 4\u2019\u00fcnc\u00fcs\u00fc d\u00fczenlenen Cemre \u00c7ar\u015f\u0131s\u0131, \u0130stanbul The Peninsula Otel\u2019de ger\u00e7ekle\u015ftirildi. Emine Erdo\u011fan\u2019\u0131n kat\u0131l\u0131m\u0131yla 24 Nisan 2026\u2019da a\u00e7\u0131l\u0131\u015f\u0131 ger\u00e7ekle\u015fen ve d\u00fcn sona eren Cemre \u00c7ar\u015f\u0131s\u0131\u2019nda 80 farkl\u0131 marka bir araya geldi.<\/p>\n<p>Al\u0131\u015fveri\u015fin iyilikle bulu\u015ftu\u011fu Cemre \u00c7ar\u015f\u0131s\u0131\u2019n\u0131n en dikkat \u00e7eken k\u00f6\u015felerinden biri, ziyareti s\u0131ras\u0131nda Emine Erdo\u011fan \u2019\u0131n da ilgisini \u00e7eken, Filistinli kad\u0131nlar\u0131n sessiz ama derin hikayelerini ta\u015f\u0131yan nak\u0131\u015f eserleri oldu. Ge\u00e7mi\u015fte Filistinli kad\u0131nlar\u0131n g\u00fcnl\u00fck ya\u015famlar\u0131nda giydikleri Filistin nak\u0131\u015fl\u0131 (Tatreez-Tatriz) k\u0131yafetlerdeki her motif bir anlam y\u00fckl\u00fc. Nak\u0131\u015flar, kad\u0131nlar\u0131n duygular\u0131n\u0131, sosyal stat\u00fclerini ve ya\u015fad\u0131klar\u0131 co\u011frafyay\u0131 anlat\u0131yor. Zeytin a\u011fac\u0131 sabr\u0131 ve g\u00fcc\u00fc, selvi a\u011fac\u0131 direnci simgeliyor. K\u0131rm\u0131z\u0131 reyhan \u00e7i\u00e7e\u011fi ise bereket ve rahmet anlam\u0131na geliyor. Ku\u015f motifleri, \u00f6zg\u00fcrl\u00fck \u00f6zlemini dile getiriyor.<\/p>\n<p>HAFIZA VE A\u0130D\u0130YET<\/p>\n<p>Filistin\u2019in Cenin kentinde ya\u015fayan Rufeyda Bedran da bu gelene\u011fi s\u00fcrd\u00fcren isimlerden biri. Ninesinden \u00f6\u011frendi\u011fi nak\u0131\u015f\u0131 modern tasar\u0131mlarla bulu\u015fturan, \u00e7anta ve k\u0131yafetlere i\u015fledi\u011fi motiflerle ge\u00e7mi\u015f ile bug\u00fcn\u00fc bir araya getiren Rufeyda&#8230;<\/p>\n","protected":false},"excerpt":{"rendered":"<p>4. Cemre \u00c7ar\u015f\u0131s\u0131, Rufeyda Bedran\u2019\u0131n nak\u015fetti\u011fi motiflerle Filistinli kad\u0131nlar\u0131n sessiz hik\u00e2yelerine tan\u0131kl\u0131k etti.<\/p>\n","protected":false},"author":2,"featured_media":29321,"comment_status":"open","ping_status":"open","sticky":false,"template":"","format":"standard","meta":{"footnotes":""},"categories":[8,6,5],"tags":[],"class_list":["post-29322","post","type-post","status-publish","format-standard","has-post-thumbnail","hentry","category-arsiv","category-gundem","category-son-dakika"],"_links":{"self":[{"href":"https:\/\/eskigazeteci.com\/index.php?rest_route=\/wp\/v2\/posts\/29322","targetHints":{"allow":["GET"]}}],"collection":[{"href":"https:\/\/eskigazeteci.com\/index.php?rest_route=\/wp\/v2\/posts"}],"about":[{"href":"https:\/\/eskigazeteci.com\/index.php?rest_route=\/wp\/v2\/types\/post"}],"author":[{"embeddable":true,"href":"https:\/\/eskigazeteci.com\/index.php?rest_route=\/wp\/v2\/users\/2"}],"replies":[{"embeddable":true,"href":"https:\/\/eskigazeteci.com\/index.php?rest_route=%2Fwp%2Fv2%2Fcomments&post=29322"}],"version-history":[{"count":0,"href":"https:\/\/eskigazeteci.com\/index.php?rest_route=\/wp\/v2\/posts\/29322\/revisions"}],"wp:featuredmedia":[{"embeddable":true,"href":"https:\/\/eskigazeteci.com\/index.php?rest_route=\/wp\/v2\/media\/29321"}],"wp:attachment":[{"href":"https:\/\/eskigazeteci.com\/index.php?rest_route=%2Fwp%2Fv2%2Fmedia&parent=29322"}],"wp:term":[{"taxonomy":"category","embeddable":true,"href":"https:\/\/eskigazeteci.com\/index.php?rest_route=%2Fwp%2Fv2%2Fcategories&post=29322"},{"taxonomy":"post_tag","embeddable":true,"href":"https:\/\/eskigazeteci.com\/index.php?rest_route=%2Fwp%2Fv2%2Ftags&post=29322"}],"curies":[{"name":"wp","href":"https:\/\/api.w.org\/{rel}","templated":true}]}}