{"id":29320,"date":"2026-04-27T04:06:10","date_gmt":"2026-04-27T04:06:10","guid":{"rendered":"https:\/\/eskigazeteci.com\/?p=29320"},"modified":"2026-04-27T04:06:10","modified_gmt":"2026-04-27T04:06:10","slug":"istikrarli-uretim","status":"publish","type":"post","link":"https:\/\/eskigazeteci.com\/?p=29320","title":{"rendered":"\u0130stikrarl\u0131 \u00dcretim"},"content":{"rendered":"<p>Korku olan \u00fcniversiteli k\u0131z Cansu Yaren K., olay\u0131 i\u015farettaki motosikletiyle takip eden ve ard\u0131ndan polise \u015fik\u00e2yete giren Burcu P. ile harekete ge\u00e7ti. Sar\u0131yer Polisi, 18 Mart g\u00fcn\u00fc ya\u015fand\u0131\u011f\u0131na g\u00f6re harek\u00e2t\u0131n\u0131n ard\u0131ndan harekete ge\u00e7en Cansu taraf\u0131ndan tespit edilen Berkan B., &#x27;Yapt\u0131\u011f\u0131nda pi\u015fman.&#x27;) dedi\u011fi belirtildi. \u015e\u00fcphelenen olaylar\u0131n ard\u0131ndan adliyete sevk edildi ve &#x27;Cinsel Taciz&#x27; su\u00e7undan tutuklanarak &#x27;cinsel taciz&#x27; su\u00e7unudur.&#x27;,<\/p>\n","protected":false},"excerpt":{"rendered":"<p>Sar\u0131yer Polisi Adliyete G\u00f6nderildi<\/p>\n","protected":false},"author":2,"featured_media":29319,"comment_status":"open","ping_status":"open","sticky":false,"template":"","format":"standard","meta":{"footnotes":""},"categories":[8,6,5],"tags":[],"class_list":["post-29320","post","type-post","status-publish","format-standard","has-post-thumbnail","hentry","category-arsiv","category-gundem","category-son-dakika"],"_links":{"self":[{"href":"https:\/\/eskigazeteci.com\/index.php?rest_route=\/wp\/v2\/posts\/29320","targetHints":{"allow":["GET"]}}],"collection":[{"href":"https:\/\/eskigazeteci.com\/index.php?rest_route=\/wp\/v2\/posts"}],"about":[{"href":"https:\/\/eskigazeteci.com\/index.php?rest_route=\/wp\/v2\/types\/post"}],"author":[{"embeddable":true,"href":"https:\/\/eskigazeteci.com\/index.php?rest_route=\/wp\/v2\/users\/2"}],"replies":[{"embeddable":true,"href":"https:\/\/eskigazeteci.com\/index.php?rest_route=%2Fwp%2Fv2%2Fcomments&post=29320"}],"version-history":[{"count":0,"href":"https:\/\/eskigazeteci.com\/index.php?rest_route=\/wp\/v2\/posts\/29320\/revisions"}],"wp:featuredmedia":[{"embeddable":true,"href":"https:\/\/eskigazeteci.com\/index.php?rest_route=\/wp\/v2\/media\/29319"}],"wp:attachment":[{"href":"https:\/\/eskigazeteci.com\/index.php?rest_route=%2Fwp%2Fv2%2Fmedia&parent=29320"}],"wp:term":[{"taxonomy":"category","embeddable":true,"href":"https:\/\/eskigazeteci.com\/index.php?rest_route=%2Fwp%2Fv2%2Fcategories&post=29320"},{"taxonomy":"post_tag","embeddable":true,"href":"https:\/\/eskigazeteci.com\/index.php?rest_route=%2Fwp%2Fv2%2Ftags&post=29320"}],"curies":[{"name":"wp","href":"https:\/\/api.w.org\/{rel}","templated":true}]}}