{"id":29318,"date":"2026-04-27T04:04:46","date_gmt":"2026-04-27T04:04:46","guid":{"rendered":"https:\/\/eskigazeteci.com\/?p=29318"},"modified":"2026-04-27T04:04:46","modified_gmt":"2026-04-27T04:04:46","slug":"yardim-molasinda-zincirleme-kaza-1-olu-5-yarali","status":"publish","type":"post","link":"https:\/\/eskigazeteci.com\/?p=29318","title":{"rendered":"Yard\u0131m molas\u0131nda zincirleme kaza! 1 \u00f6l\u00fc 5 yaral\u0131"},"content":{"rendered":"<p>Ailesiyle birlikte, kay\u0131nbiraderinin d\u00fc\u011f\u00fcn\u00fc i\u00e7in Manisa\u2019ya gitmek i\u00e7in 06 FRZ 429 plakal\u0131 otomobiliyle yola \u00e7\u0131kan Mehmet Bing\u00f6l (53), kazay\u0131 g\u00f6r\u00fcp yard\u0131m etmek amac\u0131yla durdu. Bu s\u0131rada hacca gidecek yak\u0131nlar\u0131n\u0131 Konya\u2019ya g\u00f6t\u00fcren G\u00f6khan Tokdemir (38) y\u00f6netimindeki 68 AAY 367 plakal\u0131 otomobil, Bing\u00f6l\u2019\u00fcn arac\u0131na \u00e7arpt\u0131. Kazada, TIR \u015fof\u00f6r\u00fc Ceylan ile otomobil s\u00fcr\u00fcc\u00fcs\u00fc Tokdemir ve yan\u0131ndaki Abdullah Tokdemir (65), e\u015fi Perihan Tokdemir (65), G\u00f6khan Tokdemir (32), Elif Tokdemir (53) ve Halil \u0130brahim Tokdemir yaraland\u0131.<\/p>\n<p>\u00c7evredekilerin ihbar\u0131 \u00fczerine kaza yerine polis ve sa\u011fl\u0131k ekipleri sevk edildi. 6 yaral\u0131, hastaneye kald\u0131r\u0131ld\u0131. Tedaviye al\u0131nan yaral\u0131lardan 5 \u00e7ocuk babas\u0131 Abdullah Tokdemir doktorlar\u0131n t\u00fcm m\u00fcdahalesine kar\u015f\u0131n ya\u015fam\u0131n\u0131 yitirdi.<\/p>\n<p>Kazadan yara almadan kurtulan Mehmet Bing\u00f6l , \u201cKazay\u0131 g\u00f6rd\u00fcm, frene bas\u0131p durdum. D\u00f6rtl\u00fcleri yakt\u0131m, arkamdan gelen ara\u00e7 ise h\u0131zl\u0131 bir \u015fekilde bize vurup buraya bizi f\u0131rlatt\u0131\u201d dedi.<\/p>\n<p>T\u00fcrkiye g\u00fcndeminden son dakika haberleri, bug\u00fcn ya\u015fanan en son geli\u015fmeler, siyaset g\u00fcndeminden g\u00fcncel haberler ve b\u00fct\u00fcn son dakika haberleri i\u00e7in H\u00fcrriyet&#x27;in internet haber sitesi hurriyet.com.tr; Hurriyet.com.tr haber i\u00e7erikleri kaynak g\u00f6sterilmeden al\u0131nt\u0131 yap\u0131lamaz,&#8230;<\/p>\n","protected":false},"excerpt":{"rendered":"<p>AKSARAY\u2019da d\u00fcn sabah 06.00 s\u0131ralar\u0131nda, Mustafa Ceylan\u2019\u0131n (52) kontrol\u00fcn\u00fc yitirdi\u011fi 42 AKK 368 plakal\u0131 yem y\u00fckl\u00fc TIR, ref\u00fcje devrildi.<\/p>\n","protected":false},"author":2,"featured_media":29317,"comment_status":"open","ping_status":"open","sticky":false,"template":"","format":"standard","meta":{"footnotes":""},"categories":[8,6,5],"tags":[],"class_list":["post-29318","post","type-post","status-publish","format-standard","has-post-thumbnail","hentry","category-arsiv","category-gundem","category-son-dakika"],"_links":{"self":[{"href":"https:\/\/eskigazeteci.com\/index.php?rest_route=\/wp\/v2\/posts\/29318","targetHints":{"allow":["GET"]}}],"collection":[{"href":"https:\/\/eskigazeteci.com\/index.php?rest_route=\/wp\/v2\/posts"}],"about":[{"href":"https:\/\/eskigazeteci.com\/index.php?rest_route=\/wp\/v2\/types\/post"}],"author":[{"embeddable":true,"href":"https:\/\/eskigazeteci.com\/index.php?rest_route=\/wp\/v2\/users\/2"}],"replies":[{"embeddable":true,"href":"https:\/\/eskigazeteci.com\/index.php?rest_route=%2Fwp%2Fv2%2Fcomments&post=29318"}],"version-history":[{"count":0,"href":"https:\/\/eskigazeteci.com\/index.php?rest_route=\/wp\/v2\/posts\/29318\/revisions"}],"wp:featuredmedia":[{"embeddable":true,"href":"https:\/\/eskigazeteci.com\/index.php?rest_route=\/wp\/v2\/media\/29317"}],"wp:attachment":[{"href":"https:\/\/eskigazeteci.com\/index.php?rest_route=%2Fwp%2Fv2%2Fmedia&parent=29318"}],"wp:term":[{"taxonomy":"category","embeddable":true,"href":"https:\/\/eskigazeteci.com\/index.php?rest_route=%2Fwp%2Fv2%2Fcategories&post=29318"},{"taxonomy":"post_tag","embeddable":true,"href":"https:\/\/eskigazeteci.com\/index.php?rest_route=%2Fwp%2Fv2%2Ftags&post=29318"}],"curies":[{"name":"wp","href":"https:\/\/api.w.org\/{rel}","templated":true}]}}