{"id":29302,"date":"2026-04-26T22:24:20","date_gmt":"2026-04-26T22:24:20","guid":{"rendered":"https:\/\/eskigazeteci.com\/?p=29302"},"modified":"2026-04-26T22:24:20","modified_gmt":"2026-04-26T22:24:20","slug":"galatasaraydan-ederson-ozur-dilemek","status":"publish","type":"post","link":"https:\/\/eskigazeteci.com\/?p=29302","title":{"rendered":"Galatasaray&#8217;dan Ederson \u00d6z\u00fcr Dilemek!"},"content":{"rendered":"<p>Galatasaray ve Fenerbah\u00e7e&#x27;nin Trendyol S\u00fcper Lig&#x27;in 31. haftas\u0131nda ma\u011flup eden derbi, Brezilyal\u0131 file bek\u00e7isinin k\u0131rm\u0131z\u0131 kart\u0131n\u0131 g\u00f6rm\u00fc\u015f Ederson taraf\u0131ndan \u00f6z\u00fcr dilemek konusu anla\u015f\u0131l\u0131r.<\/p>\n","protected":false},"excerpt":{"rendered":"<p>Ederson, Brezilyal\u0131 file bek\u00e7isi, Fenerbah\u00e7e ile Galatasaray aras\u0131nda derbisi sonras\u0131 10 ki\u015fi taraf\u0131ndan yeniden se\u00e7ildi.<\/p>\n","protected":false},"author":2,"featured_media":29301,"comment_status":"open","ping_status":"open","sticky":false,"template":"","format":"standard","meta":{"footnotes":""},"categories":[5,7],"tags":[],"class_list":["post-29302","post","type-post","status-publish","format-standard","has-post-thumbnail","hentry","category-son-dakika","category-spor"],"_links":{"self":[{"href":"https:\/\/eskigazeteci.com\/index.php?rest_route=\/wp\/v2\/posts\/29302","targetHints":{"allow":["GET"]}}],"collection":[{"href":"https:\/\/eskigazeteci.com\/index.php?rest_route=\/wp\/v2\/posts"}],"about":[{"href":"https:\/\/eskigazeteci.com\/index.php?rest_route=\/wp\/v2\/types\/post"}],"author":[{"embeddable":true,"href":"https:\/\/eskigazeteci.com\/index.php?rest_route=\/wp\/v2\/users\/2"}],"replies":[{"embeddable":true,"href":"https:\/\/eskigazeteci.com\/index.php?rest_route=%2Fwp%2Fv2%2Fcomments&post=29302"}],"version-history":[{"count":0,"href":"https:\/\/eskigazeteci.com\/index.php?rest_route=\/wp\/v2\/posts\/29302\/revisions"}],"wp:featuredmedia":[{"embeddable":true,"href":"https:\/\/eskigazeteci.com\/index.php?rest_route=\/wp\/v2\/media\/29301"}],"wp:attachment":[{"href":"https:\/\/eskigazeteci.com\/index.php?rest_route=%2Fwp%2Fv2%2Fmedia&parent=29302"}],"wp:term":[{"taxonomy":"category","embeddable":true,"href":"https:\/\/eskigazeteci.com\/index.php?rest_route=%2Fwp%2Fv2%2Fcategories&post=29302"},{"taxonomy":"post_tag","embeddable":true,"href":"https:\/\/eskigazeteci.com\/index.php?rest_route=%2Fwp%2Fv2%2Ftags&post=29302"}],"curies":[{"name":"wp","href":"https:\/\/api.w.org\/{rel}","templated":true}]}}