{"id":29292,"date":"2026-04-26T20:44:32","date_gmt":"2026-04-26T20:44:32","guid":{"rendered":"https:\/\/eskigazeteci.com\/?p=29292"},"modified":"2026-04-26T20:44:32","modified_gmt":"2026-04-26T20:44:32","slug":"2-aylik-bebegini-oldurdugu-iddia-edilen-anne-tutuklandi","status":"publish","type":"post","link":"https:\/\/eskigazeteci.com\/?p=29292","title":{"rendered":"2 ayl\u0131k bebe\u011fini \u00f6ld\u00fcrd\u00fc\u011f\u00fc iddia edilen anne tutukland\u0131"},"content":{"rendered":"<p>Olay, \u00f6nceki g\u00fcn ak\u015fam saatlerinde Gerede il\u00e7esine ba\u011fl\u0131 Kitirler Mahallesi\u2019nde meydana geldi. Edinilen bilgiye g\u00f6re, 2 ayl\u0131k Ela adl\u0131 bebek evde bo\u011faz\u0131 kesilmi\u015f halde \u00f6l\u00fc bulundu. Cinayet \u015f\u00fcphelisi olarak anne S.C., evden \u00e7\u0131karak D-100 kara yolu \u00fczerinden Yeni\u00e7a\u011fa il\u00e7esi istikametine kilometrelerce y\u00fcr\u00fcd\u00fckten sonra polis ekipleri taraf\u0131ndan yakalanarak g\u00f6zalt\u0131na al\u0131nd\u0131.<\/p>\n<p>Emniyetteki ilk sorgusunda &quot;Bebe\u011fimi kesinlikle ben \u00f6ld\u00fcrmedim. Onu kimin \u00f6ld\u00fcrd\u00fc\u011f\u00fcn\u00fc de bilmiyorum&quot; diyerek su\u00e7lamalar\u0131 reddeden kad\u0131n, i\u015flemlerin ard\u0131ndan Gerede Adliyesi&#x27;ne sevk edildi. Adliyede n\u00f6bet\u00e7i mahkemeye \u00e7\u0131kar\u0131lan anne S.C., &#x27;canavarca hisle kasten \u00f6ld\u00fcrme&#x27; su\u00e7undan tutuklanarak cezaevine g\u00f6nderildi. Hayat\u0131n\u0131 kaybeden minik Ela ise bug\u00fcn Demircisopran k\u00f6y\u00fcnde ac\u0131l\u0131 babas\u0131n\u0131n g\u00f6zya\u015flar\u0131 aras\u0131nda topra\u011fa verildi.<\/p>\n<p>T\u00fcrkiye g\u00fcndeminden son dakika haberleri, bug\u00fcn ya\u015fanan en son geli\u015fmeler, siyaset g\u00fcndeminden g\u00fcncel haberler ve b\u00fct\u00fcn son dakika haberleri i\u00e7in H\u00fcrriyet&#x27;in internet haber sitesi hurriyet.com.tr; Hurriyet.com.tr haber i\u00e7erikleri kaynak g\u00f6sterilmeden al\u0131nt\u0131 yap\u0131lamaz, Kanuna ayk\u0131r\u0131 ve izinsiz olarak kopyalanamaz, ba\u015fka yerde yay\u0131nlanamaz.<\/p>\n","protected":false},"excerpt":{"rendered":"<p>Bolu\u2019nun Gerede il\u00e7esinde 2 ayl\u0131k k\u0131z\u0131n\u0131 bo\u011faz\u0131n\u0131 keserek \u00f6ld\u00fcrd\u00fc\u011f\u00fc iddias\u0131yla g\u00f6zalt\u0131na al\u0131nan anne, sevk edildi\u011fi n\u00f6bet\u00e7i mahkemece tutukland\u0131.<\/p>\n","protected":false},"author":2,"featured_media":29291,"comment_status":"open","ping_status":"open","sticky":false,"template":"","format":"standard","meta":{"footnotes":""},"categories":[6,5],"tags":[],"class_list":["post-29292","post","type-post","status-publish","format-standard","has-post-thumbnail","hentry","category-gundem","category-son-dakika"],"_links":{"self":[{"href":"https:\/\/eskigazeteci.com\/index.php?rest_route=\/wp\/v2\/posts\/29292","targetHints":{"allow":["GET"]}}],"collection":[{"href":"https:\/\/eskigazeteci.com\/index.php?rest_route=\/wp\/v2\/posts"}],"about":[{"href":"https:\/\/eskigazeteci.com\/index.php?rest_route=\/wp\/v2\/types\/post"}],"author":[{"embeddable":true,"href":"https:\/\/eskigazeteci.com\/index.php?rest_route=\/wp\/v2\/users\/2"}],"replies":[{"embeddable":true,"href":"https:\/\/eskigazeteci.com\/index.php?rest_route=%2Fwp%2Fv2%2Fcomments&post=29292"}],"version-history":[{"count":0,"href":"https:\/\/eskigazeteci.com\/index.php?rest_route=\/wp\/v2\/posts\/29292\/revisions"}],"wp:featuredmedia":[{"embeddable":true,"href":"https:\/\/eskigazeteci.com\/index.php?rest_route=\/wp\/v2\/media\/29291"}],"wp:attachment":[{"href":"https:\/\/eskigazeteci.com\/index.php?rest_route=%2Fwp%2Fv2%2Fmedia&parent=29292"}],"wp:term":[{"taxonomy":"category","embeddable":true,"href":"https:\/\/eskigazeteci.com\/index.php?rest_route=%2Fwp%2Fv2%2Fcategories&post=29292"},{"taxonomy":"post_tag","embeddable":true,"href":"https:\/\/eskigazeteci.com\/index.php?rest_route=%2Fwp%2Fv2%2Ftags&post=29292"}],"curies":[{"name":"wp","href":"https:\/\/api.w.org\/{rel}","templated":true}]}}