{"id":29272,"date":"2026-04-26T19:42:57","date_gmt":"2026-04-26T19:42:57","guid":{"rendered":"https:\/\/eskigazeteci.com\/?p=29272"},"modified":"2026-04-26T19:42:57","modified_gmt":"2026-04-26T19:42:57","slug":"baris-alperden-osimhene-tesekkur-bizim-gibi-oyuncular-oldugu-surece-sampiyonuz","status":"publish","type":"post","link":"https:\/\/eskigazeteci.com\/?p=29272","title":{"rendered":"Bar\u0131\u015f Alper&#8217;den Osimhen&#8217;e te\u015fekk\u00fcr: &#8216;Bizim gibi oyuncular oldu\u011fu s\u00fcrece \u015fampiyonuz!&#8217;"},"content":{"rendered":"<p>Trendyol S\u00fcper Lig\u2019in 31. haftas\u0131nda Galatasaray , konuk etti\u011fi Fenerbah\u00e7e \u2019yi 3-0 ma\u011flup etti. M\u00fccadelenin ard\u0131ndan sar\u0131-k\u0131rm\u0131z\u0131l\u0131larda Bar\u0131\u015f Alper Y\u0131lmaz ve Yunus Akg\u00fcn a\u00e7\u0131klamalar yapt\u0131.<\/p>\n<p>YUNUS AKG\u00dcN: H\u0130\u00c7B\u0130R \u015eEY B\u0130TMED\u0130<\/p>\n<p>\u00c7ok mutluyuz. \u00c7ok gururluyuz. Bu galibiyeti taraftarlar\u0131m\u0131za arma\u011fan ediyoruz. Hi\u00e7bir \u015fey bitmedi. \u00d6n\u00fcm\u00fczde ma\u00e7lar var. \u00c7ok mutluyuz. \u015eut atacakt\u0131m, y\u00fczde y\u00fcz aya\u011f\u0131ma de\u011fdi penalt\u0131 pozisyonunda. De\u011fmedim diyor ama de\u011fdi. 4. \u015fampiyonlu\u011fa y\u00fcr\u00fcyoruz.<\/p>\n<p>BARI\u015e ALPER: OSIMHEN&#x27;E TE\u015eEKK\u00dcR EDER\u0130M<\/p>\n<p>\u00d6ncelikle \u00e7ok mutluyuz. 4. \u015fampiyonlu\u011fumuza ula\u015fmak i\u00e7in elimizden geleni yap\u0131yoruz. Daha bitmedi. Haftaya Samsun&#x27;a gidece\u011fiz. Ben sorumluluklar\u0131ndan ka\u00e7an bir \u00e7ocuk olmad\u0131m. Tak\u0131m\u0131ma katk\u0131 sa\u011flamak istiyorum. Osimhen&#x27;e nas\u0131l hissediyorsun dedim, ikimizin ismi vard\u0131 penalt\u0131da, sen at dedi, ona te\u015fekk\u00fcr ediyorum.<\/p>\n<p>D\u00fcnya Kupas\u0131 &#x27;na daha var. \u0130n\u015fallah sezonu bitirip oraya en g\u00fczel \u015fekilde gitmek istiyoruz. Bitmedi daha lig. Bitti\u011fi zaman hep birlikte kutlayaca\u011f\u0131z ayn\u0131 co\u015fkuyla. 3 senedir \u00fcst \u00fcste \u015fampiyon oluyoruz. Hayat\u0131mda hi\u00e7 s\u00fcsl\u00fc c\u00fcmle kurmad\u0131m, bana yak\u0131\u015fmaz, karakterim bu. Bu ligde bizim gibi oyuncular olursa biz hep \u015fampiyon oluruz.<\/p>\n<p>T\u00fcrkiye&#x27;den ve D\u00fcnya\u2019dan son dakika&#8230;<\/p>\n","protected":false},"excerpt":{"rendered":"<p>Galatasaray&#8217;da Bar\u0131\u015f Alper Y\u0131lmaz ve Yunus Akg\u00fcn, 3-0 kazand\u0131klar\u0131 Fenerbah\u00e7e derbisinin ard\u0131ndan a\u00e7\u0131klamalarda bulundu.<\/p>\n","protected":false},"author":2,"featured_media":29271,"comment_status":"open","ping_status":"open","sticky":false,"template":"","format":"standard","meta":{"footnotes":""},"categories":[5,7],"tags":[],"class_list":["post-29272","post","type-post","status-publish","format-standard","has-post-thumbnail","hentry","category-son-dakika","category-spor"],"_links":{"self":[{"href":"https:\/\/eskigazeteci.com\/index.php?rest_route=\/wp\/v2\/posts\/29272","targetHints":{"allow":["GET"]}}],"collection":[{"href":"https:\/\/eskigazeteci.com\/index.php?rest_route=\/wp\/v2\/posts"}],"about":[{"href":"https:\/\/eskigazeteci.com\/index.php?rest_route=\/wp\/v2\/types\/post"}],"author":[{"embeddable":true,"href":"https:\/\/eskigazeteci.com\/index.php?rest_route=\/wp\/v2\/users\/2"}],"replies":[{"embeddable":true,"href":"https:\/\/eskigazeteci.com\/index.php?rest_route=%2Fwp%2Fv2%2Fcomments&post=29272"}],"version-history":[{"count":0,"href":"https:\/\/eskigazeteci.com\/index.php?rest_route=\/wp\/v2\/posts\/29272\/revisions"}],"wp:featuredmedia":[{"embeddable":true,"href":"https:\/\/eskigazeteci.com\/index.php?rest_route=\/wp\/v2\/media\/29271"}],"wp:attachment":[{"href":"https:\/\/eskigazeteci.com\/index.php?rest_route=%2Fwp%2Fv2%2Fmedia&parent=29272"}],"wp:term":[{"taxonomy":"category","embeddable":true,"href":"https:\/\/eskigazeteci.com\/index.php?rest_route=%2Fwp%2Fv2%2Fcategories&post=29272"},{"taxonomy":"post_tag","embeddable":true,"href":"https:\/\/eskigazeteci.com\/index.php?rest_route=%2Fwp%2Fv2%2Ftags&post=29272"}],"curies":[{"name":"wp","href":"https:\/\/api.w.org\/{rel}","templated":true}]}}