{"id":29266,"date":"2026-04-26T19:12:55","date_gmt":"2026-04-26T19:12:55","guid":{"rendered":"https:\/\/eskigazeteci.com\/?p=29266"},"modified":"2026-04-26T19:12:55","modified_gmt":"2026-04-26T19:12:55","slug":"galatasaray-3-4","status":"publish","type":"post","link":"https:\/\/eskigazeteci.com\/?p=29266","title":{"rendered":"Galatasaray 3"},"content":{"rendered":"<p>Galatasaray 3-0 Fenerbah\u00e7e (S\u00fcper Lig derbi ma\u00e7\u0131 \u00f6zeti)<\/p>\n<p>Galatasaray , S\u00fcper Lig&#x27;in 31. haftas\u0131nda oynanan ma\u00e7ta Fenerbah\u00e7e &#x27;yi a\u011f\u0131rlad\u0131. Rams Park&#x27;ta oynanan m\u00fccadeleyi Galatasaray 3-0 kazand\u0131.<\/p>\n<p>Fenerbah\u00e7e, 13. dakikada Anderson Talisca ile penalt\u0131dan yararlanamad\u0131. Sar\u0131-k\u0131rm\u0131z\u0131l\u0131lar, 40. dakikada Victor Osimhen ile \u00f6ne ge\u00e7ti.<\/p>\n<p>KIRMIZI KART VE GOL<\/p>\n<p>Sar\u0131-lacivertliler, 62. dakikada Ederson&#x27;un g\u00f6rd\u00fc\u011f\u00fc k\u0131rm\u0131z\u0131 kartla 10 ki\u015fi kald\u0131. Bar\u0131\u015f Alper Y\u0131lmaz, 67. dakikada penalt\u0131dan att\u0131\u011f\u0131 golle fark\u0131 2&#x27;ye \u00e7\u0131kard\u0131. Deribde son s\u00f6z\u00fc ise 83. dakikada Lucas Torreira s\u00f6yledi.<\/p>\n<p>Bu sonu\u00e7la birlikte Galatasaray puan\u0131n\u0131 64 yaparak liderli\u011fini s\u00fcrd\u00fcrd\u00fc. Fenerbah\u00e7e ise 57 puanla rakibinin 7 puan gerisinde kald\u0131.<\/p>\n<p>Okan Buruk&#x27;un \u00f6\u011frencileri, ligde gelecek hafta Samsunspor deplasman\u0131na gidecek. Fenerbah\u00e7e ise Ba\u015fak\u015fehir&#x27;i konuk edecek.<\/p>\n<p>Galatasaray , 85. dakikada Lucas Torreira&#x27;n\u0131n buldu\u011fu golle skoru 3-0&#x27;a getirdi.<\/p>\n<p>Fenerbah\u00e7e &#x27;de \u0130smail Y\u00fcksek, 73. dakikada kaleciyle kar\u015f\u0131 kar\u015f\u0131ya kald\u0131. U\u011furcan \u00c7ak\u0131r gole izin vermedi.<\/p>\n<p>Galatasaray , Bar\u0131\u015f Alper Y\u0131lmaz&#x27;\u0131n 67. dakikada att\u0131\u011f\u0131 penalt\u0131 gol\u00fcyle skoru 2-0&#x27;a getirdi.<\/p>\n<p>Fenerbah\u00e7e , 62. dakikada Ederson&#x27;un ikinci sar\u0131dan k\u0131rm\u0131z\u0131 kart g\u00f6rmesiyle sahada 10&#8230;<\/p>\n","protected":false},"excerpt":{"rendered":"<p>Galatasaray, S\u00fcper Lig&#8217;in 31. haftas\u0131nda Fenerbah\u00e7e&#8217;yi 3-0 ma\u011flup ederek liderli\u011fini s\u00fcrd\u00fcrd\u00fc ve rakibiyle puan fark\u0131n\u0131 7&#8217;ye \u00e7\u0131kard\u0131.<\/p>\n","protected":false},"author":2,"featured_media":29265,"comment_status":"open","ping_status":"open","sticky":false,"template":"","format":"standard","meta":{"footnotes":""},"categories":[5,7],"tags":[],"class_list":["post-29266","post","type-post","status-publish","format-standard","has-post-thumbnail","hentry","category-son-dakika","category-spor"],"_links":{"self":[{"href":"https:\/\/eskigazeteci.com\/index.php?rest_route=\/wp\/v2\/posts\/29266","targetHints":{"allow":["GET"]}}],"collection":[{"href":"https:\/\/eskigazeteci.com\/index.php?rest_route=\/wp\/v2\/posts"}],"about":[{"href":"https:\/\/eskigazeteci.com\/index.php?rest_route=\/wp\/v2\/types\/post"}],"author":[{"embeddable":true,"href":"https:\/\/eskigazeteci.com\/index.php?rest_route=\/wp\/v2\/users\/2"}],"replies":[{"embeddable":true,"href":"https:\/\/eskigazeteci.com\/index.php?rest_route=%2Fwp%2Fv2%2Fcomments&post=29266"}],"version-history":[{"count":0,"href":"https:\/\/eskigazeteci.com\/index.php?rest_route=\/wp\/v2\/posts\/29266\/revisions"}],"wp:featuredmedia":[{"embeddable":true,"href":"https:\/\/eskigazeteci.com\/index.php?rest_route=\/wp\/v2\/media\/29265"}],"wp:attachment":[{"href":"https:\/\/eskigazeteci.com\/index.php?rest_route=%2Fwp%2Fv2%2Fmedia&parent=29266"}],"wp:term":[{"taxonomy":"category","embeddable":true,"href":"https:\/\/eskigazeteci.com\/index.php?rest_route=%2Fwp%2Fv2%2Fcategories&post=29266"},{"taxonomy":"post_tag","embeddable":true,"href":"https:\/\/eskigazeteci.com\/index.php?rest_route=%2Fwp%2Fv2%2Ftags&post=29266"}],"curies":[{"name":"wp","href":"https:\/\/api.w.org\/{rel}","templated":true}]}}