{"id":29264,"date":"2026-04-26T18:52:53","date_gmt":"2026-04-26T18:52:53","guid":{"rendered":"https:\/\/eskigazeteci.com\/?p=29264"},"modified":"2026-04-26T18:52:53","modified_gmt":"2026-04-26T18:52:53","slug":"fenerbahcede-ederson-depremi-galatasaray-derbisinde-kirmizi-kart-gordu","status":"publish","type":"post","link":"https:\/\/eskigazeteci.com\/?p=29264","title":{"rendered":"Fenerbah\u00e7e&#8217;de Ederson depremi! Galatasaray derbisinde k\u0131rm\u0131z\u0131 kart g\u00f6rd\u00fc"},"content":{"rendered":"<p>Fenerbah\u00e7e , Galatasaray ile RAMS Park&#x27;ta oynad\u0131\u011f\u0131 derbide 10 ki\u015fi kald\u0131.<\/p>\n<p>Galatasaray, Fenerbah\u00e7e derbisinin 60. dakikas\u0131nda Jayden Oosterwolde&#x27;nin Yunus Akg\u00fcn&#x27;e m\u00fcdahalesiyle penalt\u0131 kazand\u0131. Yasin Kol&#x27;un penalt\u0131 karar\u0131 sonras\u0131 Fenerbah\u00e7eli futbolcular uzun s\u00fcre itiraz etti.<\/p>\n<p>EDERSON KIRMIZI KART G\u00d6RD\u00dc<\/p>\n<p>VAR incelemesinin de tamamlanmas\u0131yla Yasin Kol penalt\u0131 at\u0131\u015f\u0131n\u0131n kullan\u0131lmas\u0131n\u0131 istedi. Fakat Fenerbah\u00e7e&#x27;de kaleci Ederson yerine ge\u00e7memek i\u00e7in \u0131srar edince hakem Yasin Kol, 62. dakikada ikinci sar\u0131 kart\u0131n\u0131 \u00e7\u0131kard\u0131 ve Brezilyal\u0131 oyuncu dev ma\u00e7ta tak\u0131m\u0131n\u0131 10 ki\u015fi b\u0131rakt\u0131.<\/p>\n<p>SOYUNMA ODASINA G\u0130RERKEN VAR KUL\u00dcBES\u0130NE VURDU<\/p>\n<p>Ederson k\u0131rm\u0131z\u0131 kart sonras\u0131 itirazlar\u0131na devam etti ve kenara gelmeyi bir s\u00fcre reddetti. Daha sonra soyunma odas\u0131na y\u00f6nelen Brezilyal\u0131 kaleci, VAR monit\u00f6r\u00fcn\u00fcn bulundu\u011fu kul\u00fcbeye vurarak i\u00e7eriye girdi.<\/p>\n<p>BARI\u015e ALPER PENALTIYI GOLE \u00c7EV\u0130RD\u0130<\/p>\n<p>K\u0131rm\u0131z\u0131 kart sonras\u0131 Talisca oyundan al\u0131n\u0131rken yerine giren Mert G\u00fcnok kaleye ge\u00e7ti. Penalt\u0131 vuru\u015funda Bar\u0131\u015f Alper Y\u0131lmaz tecr\u00fcbeli kaleciyi ge\u00e7ti ve derbide tak\u0131m\u0131n\u0131 2-0 \u00f6ne ge\u00e7irdi.<\/p>\n<p>T\u00fcrkiye&#x27;den ve D\u00fcnya\u2019dan son dakika haberleri, k\u00f6\u015fe yaz\u0131lar\u0131, magazinden siyasete, spordan seyahate b\u00fct\u00fcn konular\u0131n tek adresi Hurriyet.com.tr haber&#8230;<\/p>\n","protected":false},"excerpt":{"rendered":"<p>S\u00fcper Lig&#8217;de t\u00fcm T\u00fcrkiye&#8217;nin nefesini tutarak bekledi\u011fi derbide Fenerbah\u00e7e, Galatasaray kar\u015f\u0131s\u0131nda 10 ki\u015fi kald\u0131. Brezilyal\u0131 kaleci Ederson g\u00f6rd\u00fc\u011f\u00fc k\u0131rm\u0131z\u0131&#8230;<\/p>\n","protected":false},"author":2,"featured_media":29263,"comment_status":"open","ping_status":"open","sticky":false,"template":"","format":"standard","meta":{"footnotes":""},"categories":[5,7],"tags":[],"class_list":["post-29264","post","type-post","status-publish","format-standard","has-post-thumbnail","hentry","category-son-dakika","category-spor"],"_links":{"self":[{"href":"https:\/\/eskigazeteci.com\/index.php?rest_route=\/wp\/v2\/posts\/29264","targetHints":{"allow":["GET"]}}],"collection":[{"href":"https:\/\/eskigazeteci.com\/index.php?rest_route=\/wp\/v2\/posts"}],"about":[{"href":"https:\/\/eskigazeteci.com\/index.php?rest_route=\/wp\/v2\/types\/post"}],"author":[{"embeddable":true,"href":"https:\/\/eskigazeteci.com\/index.php?rest_route=\/wp\/v2\/users\/2"}],"replies":[{"embeddable":true,"href":"https:\/\/eskigazeteci.com\/index.php?rest_route=%2Fwp%2Fv2%2Fcomments&post=29264"}],"version-history":[{"count":0,"href":"https:\/\/eskigazeteci.com\/index.php?rest_route=\/wp\/v2\/posts\/29264\/revisions"}],"wp:featuredmedia":[{"embeddable":true,"href":"https:\/\/eskigazeteci.com\/index.php?rest_route=\/wp\/v2\/media\/29263"}],"wp:attachment":[{"href":"https:\/\/eskigazeteci.com\/index.php?rest_route=%2Fwp%2Fv2%2Fmedia&parent=29264"}],"wp:term":[{"taxonomy":"category","embeddable":true,"href":"https:\/\/eskigazeteci.com\/index.php?rest_route=%2Fwp%2Fv2%2Fcategories&post=29264"},{"taxonomy":"post_tag","embeddable":true,"href":"https:\/\/eskigazeteci.com\/index.php?rest_route=%2Fwp%2Fv2%2Ftags&post=29264"}],"curies":[{"name":"wp","href":"https:\/\/api.w.org\/{rel}","templated":true}]}}