{"id":29260,"date":"2026-04-26T18:34:30","date_gmt":"2026-04-26T18:34:30","guid":{"rendered":"https:\/\/eskigazeteci.com\/?p=29260"},"modified":"2026-04-26T18:34:30","modified_gmt":"2026-04-26T18:34:30","slug":"cumhurbaskani-erdogandan-trumpa-gecmis-olsun-telefonu","status":"publish","type":"post","link":"https:\/\/eskigazeteci.com\/?p=29260","title":{"rendered":"Cumhurba\u015fkan\u0131 Erdo\u011fan&#8217;dan Trump&#8217;a ge\u00e7mi\u015f olsun telefonu"},"content":{"rendered":"<p>\u0130leti\u015fimi Ba\u015fkanl\u0131\u011f\u0131&#x27;ndan yap\u0131lan a\u00e7\u0131klamada \u015fu ifadelere yer verildi: Cumhurba\u015fkan\u0131m\u0131z Say\u0131n Recep Tayyip Erdo\u011fan, Amerika Birle\u015fik Devletleri Ba\u015fkan\u0131 Donald Trump ile bir telefon g\u00f6r\u00fc\u015fmesi ger\u00e7ekle\u015ftirdi.<\/p>\n<p>Cumhurba\u015fkan\u0131m\u0131z g\u00f6r\u00fc\u015fmede ABD Ba\u015fkan\u0131 Trump \u2019a, Va\u015fington\u2019da Beyaz Saray Muhabirleri yeme\u011finde meydana gelen sald\u0131r\u0131 giri\u015fimi nedeniyle ge\u00e7mi\u015f olsun dileklerini bildirdi.<\/p>\n<p>Cumhurba\u015fkan\u0131 Erdo\u011fan , ya\u015fananlar\u0131 demokrasi ve bas\u0131n h\u00fcrriyetine yap\u0131lm\u0131\u015f menfur bir eylem olarak g\u00f6rd\u00fc\u011f\u00fcn\u00fc, yaralanan g\u00fcvenlik g\u00f6revlisine de acil \u015fifa diledi\u011fini belirtti.<\/p>\n<p>T\u00fcrkiye g\u00fcndeminden son dakika haberleri, bug\u00fcn ya\u015fanan en son geli\u015fmeler, siyaset g\u00fcndeminden g\u00fcncel haberler ve b\u00fct\u00fcn son dakika haberleri i\u00e7in H\u00fcrriyet&#x27;in internet haber sitesi hurriyet.com.tr; Hurriyet.com.tr haber i\u00e7erikleri kaynak g\u00f6sterilmeden al\u0131nt\u0131 yap\u0131lamaz, Kanuna ayk\u0131r\u0131 ve izinsiz olarak kopyalanamaz, ba\u015fka yerde yay\u0131nlanamaz.<\/p>\n","protected":false},"excerpt":{"rendered":"<p>Cumhurba\u015fkan\u0131 Recep Tayyip Erdo\u011fan, Amerika Birle\u015fik Devletleri Ba\u015fkan\u0131 Donald Trump ile bir telefon g\u00f6r\u00fc\u015fmesi ger\u00e7ekle\u015ftirdi.<\/p>\n","protected":false},"author":2,"featured_media":29259,"comment_status":"open","ping_status":"open","sticky":false,"template":"","format":"standard","meta":{"footnotes":""},"categories":[6,5],"tags":[],"class_list":["post-29260","post","type-post","status-publish","format-standard","has-post-thumbnail","hentry","category-gundem","category-son-dakika"],"_links":{"self":[{"href":"https:\/\/eskigazeteci.com\/index.php?rest_route=\/wp\/v2\/posts\/29260","targetHints":{"allow":["GET"]}}],"collection":[{"href":"https:\/\/eskigazeteci.com\/index.php?rest_route=\/wp\/v2\/posts"}],"about":[{"href":"https:\/\/eskigazeteci.com\/index.php?rest_route=\/wp\/v2\/types\/post"}],"author":[{"embeddable":true,"href":"https:\/\/eskigazeteci.com\/index.php?rest_route=\/wp\/v2\/users\/2"}],"replies":[{"embeddable":true,"href":"https:\/\/eskigazeteci.com\/index.php?rest_route=%2Fwp%2Fv2%2Fcomments&post=29260"}],"version-history":[{"count":0,"href":"https:\/\/eskigazeteci.com\/index.php?rest_route=\/wp\/v2\/posts\/29260\/revisions"}],"wp:featuredmedia":[{"embeddable":true,"href":"https:\/\/eskigazeteci.com\/index.php?rest_route=\/wp\/v2\/media\/29259"}],"wp:attachment":[{"href":"https:\/\/eskigazeteci.com\/index.php?rest_route=%2Fwp%2Fv2%2Fmedia&parent=29260"}],"wp:term":[{"taxonomy":"category","embeddable":true,"href":"https:\/\/eskigazeteci.com\/index.php?rest_route=%2Fwp%2Fv2%2Fcategories&post=29260"},{"taxonomy":"post_tag","embeddable":true,"href":"https:\/\/eskigazeteci.com\/index.php?rest_route=%2Fwp%2Fv2%2Ftags&post=29260"}],"curies":[{"name":"wp","href":"https:\/\/api.w.org\/{rel}","templated":true}]}}