{"id":29258,"date":"2026-04-26T18:32:54","date_gmt":"2026-04-26T18:32:54","guid":{"rendered":"https:\/\/eskigazeteci.com\/?p=29258"},"modified":"2026-04-26T18:32:54","modified_gmt":"2026-04-26T18:32:54","slug":"dev-derbide-dezenformasyona-kirmizi-kart-mesaji","status":"publish","type":"post","link":"https:\/\/eskigazeteci.com\/?p=29258","title":{"rendered":"Dev Derbide Dezenformasyona K\u0131rm\u0131z\u0131 Kart Mesaj\u0131"},"content":{"rendered":"<p>Cumhurba\u015fkanl\u0131\u011f\u0131 \u0130leti\u015fim Ba\u015fkanl\u0131\u011f\u0131 taraf\u0131ndan y\u00fcr\u00fct\u00fclen dezenformasyonla m\u00fccadele \u00e7al\u0131\u015fmalar\u0131 kapsam\u0131nda, her iki tak\u0131m\u0131n futbolcular\u0131 sahaya anlaml\u0131 pankartlarla \u00e7\u0131kt\u0131.<\/p>\n<p>Sahada Birlik, Bilgide Do\u011fruluk Milyonlar\u0131 ekran ba\u015f\u0131na kilitleyen dev ma\u00e7 \u00f6ncesi seremoniye \u00e7\u0131kan ezeli rakipler, el ele vererek dezenformasyonun y\u0131k\u0131c\u0131 etkilerine dikkat \u00e7ekti. Futbolcular\u0131n ta\u015f\u0131d\u0131\u011f\u0131 &quot;YALANA KIRMIZI KART, DO\u011eRU B\u0130LG\u0130 G\u00dc\u00c7L\u00dc TOPLUM&quot; ve &quot;ETK\u0130LE\u015e\u0130ME DE\u011e\u0130L GER\u00c7E\u011eE \u0130NAN, DEZENFORMASYONA DUR DE&quot; yaz\u0131l\u0131 pankartlar, trib\u00fcnlerden ve sosyal medya kullan\u0131c\u0131lar\u0131ndan b\u00fcy\u00fck alk\u0131\u015f ve be\u011feni toplad\u0131.<\/p>\n<p>Dezenformasyonla M\u00fccadele Kamuoyunun Ortak G\u00f6revi \u0130leti\u015fim Ba\u015fkanl\u0131\u011f\u0131\u2019n\u0131n &quot;Dezenformasyonla M\u00fccadele&quot; kampanyas\u0131, sporun birle\u015ftirici g\u00fcc\u00fcyle sadece stadyumdaki on binlere de\u011fil, ekran ba\u015f\u0131ndaki milyonlara da dijital \u00e7a\u011f\u0131n en b\u00fcy\u00fck vir\u00fcs\u00fcne kar\u015f\u0131 \u00f6nemli bir \u00e7a\u011fr\u0131da bulundu.<\/p>\n<p>Pankartlarda yer alan mesajlarla, sosyal medyada sadece etkile\u015fim u\u011fruna yay\u0131lan as\u0131ls\u0131z bilgilerin toplumsal g\u00fcveni ve huzuru zedeledi\u011fi hat\u0131rlat\u0131ld\u0131. Alg\u0131 operasyonlar\u0131na, manip\u00fclatif i\u00e7eriklere ve yalan haberlere kar\u015f\u0131 &quot;toplumsal ba\u011f\u0131\u015f\u0131kl\u0131k&quot; kazanman\u0131n \u00f6nemi vurguland\u0131. Galatasaray ve Fenerbah\u00e7e camialar\u0131n\u0131n bu kritik konuda ortak bir&#8230;<\/p>\n","protected":false},"excerpt":{"rendered":"<p>T\u00fcrk futbolunun kalbinin att\u0131\u011f\u0131 Galatasaray-Fenerbah\u00e7e derbisi, bu kez sadece ye\u015fil sahadaki rekabetle de\u011fil, toplumsal fark\u0131ndal\u0131k i\u00e7in at\u0131lan anlaml\u0131 bir&#8230;<\/p>\n","protected":false},"author":2,"featured_media":29257,"comment_status":"open","ping_status":"open","sticky":false,"template":"","format":"standard","meta":{"footnotes":""},"categories":[5,7],"tags":[],"class_list":["post-29258","post","type-post","status-publish","format-standard","has-post-thumbnail","hentry","category-son-dakika","category-spor"],"_links":{"self":[{"href":"https:\/\/eskigazeteci.com\/index.php?rest_route=\/wp\/v2\/posts\/29258","targetHints":{"allow":["GET"]}}],"collection":[{"href":"https:\/\/eskigazeteci.com\/index.php?rest_route=\/wp\/v2\/posts"}],"about":[{"href":"https:\/\/eskigazeteci.com\/index.php?rest_route=\/wp\/v2\/types\/post"}],"author":[{"embeddable":true,"href":"https:\/\/eskigazeteci.com\/index.php?rest_route=\/wp\/v2\/users\/2"}],"replies":[{"embeddable":true,"href":"https:\/\/eskigazeteci.com\/index.php?rest_route=%2Fwp%2Fv2%2Fcomments&post=29258"}],"version-history":[{"count":0,"href":"https:\/\/eskigazeteci.com\/index.php?rest_route=\/wp\/v2\/posts\/29258\/revisions"}],"wp:featuredmedia":[{"embeddable":true,"href":"https:\/\/eskigazeteci.com\/index.php?rest_route=\/wp\/v2\/media\/29257"}],"wp:attachment":[{"href":"https:\/\/eskigazeteci.com\/index.php?rest_route=%2Fwp%2Fv2%2Fmedia&parent=29258"}],"wp:term":[{"taxonomy":"category","embeddable":true,"href":"https:\/\/eskigazeteci.com\/index.php?rest_route=%2Fwp%2Fv2%2Fcategories&post=29258"},{"taxonomy":"post_tag","embeddable":true,"href":"https:\/\/eskigazeteci.com\/index.php?rest_route=%2Fwp%2Fv2%2Ftags&post=29258"}],"curies":[{"name":"wp","href":"https:\/\/api.w.org\/{rel}","templated":true}]}}