{"id":29256,"date":"2026-04-26T18:22:50","date_gmt":"2026-04-26T18:22:50","guid":{"rendered":"https:\/\/eskigazeteci.com\/?p=29256"},"modified":"2026-04-26T18:22:50","modified_gmt":"2026-04-26T18:22:50","slug":"ucakta-rahatsizlanan-pilot-nedeniyle-acil-inis","status":"publish","type":"post","link":"https:\/\/eskigazeteci.com\/?p=29256","title":{"rendered":"U\u00e7akta rahats\u0131zlanan pilot nedeniyle acil ini\u015f"},"content":{"rendered":"<p>Jet2\u2019nin B737-800 tipi u\u00e7a\u011f\u0131nda g\u00f6revli pilot , d\u00fcn gece Belfast-Antalya seferi s\u0131ras\u0131nda hen\u00fcz bilinmeyen nedenle rahats\u0131zland\u0131. Pilotun istifra etmesi \u00fczerine kokpitte g\u00f6revli di\u011fer pilot, Antalya Havaliman\u0131 Hava Trafik Kontrol Kulesi ile irtibata ge\u00e7erek ini\u015f i\u00e7in \u00f6ncelik talebinde bulundu. Ayr\u0131ca sa\u011fl\u0131k ekibinin haz\u0131r bulundurulmas\u0131 istendi. U\u00e7ak , gerekli haz\u0131rl\u0131klar\u0131n ard\u0131ndan sorunsuz \u015fekilde Antalya Havaliman\u0131\u2019na ini\u015f yapt\u0131. \u0130ni\u015fin ard\u0131ndan rahats\u0131zlanan pilot, sa\u011fl\u0131k ekibinin ilk m\u00fcdahalesi sonras\u0131 ambulansla hastaneye kald\u0131r\u0131ld\u0131.<\/p>\n<p>Olayla ilgili inceleme ba\u015flat\u0131ld\u0131.<\/p>\n<p>T\u00fcrkiye g\u00fcndeminden son dakika haberleri, bug\u00fcn ya\u015fanan en son geli\u015fmeler, siyaset g\u00fcndeminden g\u00fcncel haberler ve b\u00fct\u00fcn son dakika haberleri i\u00e7in H\u00fcrriyet&#x27;in internet haber sitesi hurriyet.com.tr; Hurriyet.com.tr haber i\u00e7erikleri kaynak g\u00f6sterilmeden al\u0131nt\u0131 yap\u0131lamaz, Kanuna ayk\u0131r\u0131 ve izinsiz olarak kopyalanamaz, ba\u015fka yerde yay\u0131nlanamaz.<\/p>\n","protected":false},"excerpt":{"rendered":"<p>\u0130NG\u0130LTERE&#8217;den T\u00fcrkiye\u2019ye sefer yapan Jet2 Airlines\u2019e ait Belfast-Antalya u\u00e7u\u015funu ger\u00e7ekle\u015ftiren yolcu u\u00e7a\u011f\u0131, pilotun rahats\u0131zlanmas\u0131 \u00fczerine Antalya&#8230;<\/p>\n","protected":false},"author":2,"featured_media":29255,"comment_status":"open","ping_status":"open","sticky":false,"template":"","format":"standard","meta":{"footnotes":""},"categories":[6,5],"tags":[],"class_list":["post-29256","post","type-post","status-publish","format-standard","has-post-thumbnail","hentry","category-gundem","category-son-dakika"],"_links":{"self":[{"href":"https:\/\/eskigazeteci.com\/index.php?rest_route=\/wp\/v2\/posts\/29256","targetHints":{"allow":["GET"]}}],"collection":[{"href":"https:\/\/eskigazeteci.com\/index.php?rest_route=\/wp\/v2\/posts"}],"about":[{"href":"https:\/\/eskigazeteci.com\/index.php?rest_route=\/wp\/v2\/types\/post"}],"author":[{"embeddable":true,"href":"https:\/\/eskigazeteci.com\/index.php?rest_route=\/wp\/v2\/users\/2"}],"replies":[{"embeddable":true,"href":"https:\/\/eskigazeteci.com\/index.php?rest_route=%2Fwp%2Fv2%2Fcomments&post=29256"}],"version-history":[{"count":0,"href":"https:\/\/eskigazeteci.com\/index.php?rest_route=\/wp\/v2\/posts\/29256\/revisions"}],"wp:featuredmedia":[{"embeddable":true,"href":"https:\/\/eskigazeteci.com\/index.php?rest_route=\/wp\/v2\/media\/29255"}],"wp:attachment":[{"href":"https:\/\/eskigazeteci.com\/index.php?rest_route=%2Fwp%2Fv2%2Fmedia&parent=29256"}],"wp:term":[{"taxonomy":"category","embeddable":true,"href":"https:\/\/eskigazeteci.com\/index.php?rest_route=%2Fwp%2Fv2%2Fcategories&post=29256"},{"taxonomy":"post_tag","embeddable":true,"href":"https:\/\/eskigazeteci.com\/index.php?rest_route=%2Fwp%2Fv2%2Ftags&post=29256"}],"curies":[{"name":"wp","href":"https:\/\/api.w.org\/{rel}","templated":true}]}}