{"id":29254,"date":"2026-04-26T18:02:59","date_gmt":"2026-04-26T18:02:59","guid":{"rendered":"https:\/\/eskigazeteci.com\/?p=29254"},"modified":"2026-04-26T18:02:59","modified_gmt":"2026-04-26T18:02:59","slug":"kurban-bayrami-emekli-ikramiyesi-odeme-tarihi-ve-gunleri-2026-odeme-takvimi","status":"publish","type":"post","link":"https:\/\/eskigazeteci.com\/?p=29254","title":{"rendered":"KURBAN BAYRAMI EMEKL\u0130 \u0130KRAM\u0130YES\u0130 \u00d6DEME TAR\u0130H\u0130 VE G\u00dcNLER\u0130 (2026 \u00f6deme takvimi)"},"content":{"rendered":"<p>2026 Kurban Bayram\u0131 ikramiyesi \u00f6deme takvimi, May\u0131s ay\u0131 \u00f6ncesi milyonlarca SSK, Ba\u011fkur ve Emekli Sand\u0131\u011f\u0131 emeklisinin yo\u011funla\u015ft\u0131\u011f\u0131 konulardan oldu. Her y\u0131l Ramazan ve Kurban bayramlar\u0131nda geleneksel olarak \u00f6denen bayram ikramiyeleri ge\u00e7ti\u011fimiz Ramazan Bayram\u0131&#x27;nda 4 bin lira olarak \u00f6dendi. Kurban Bayram\u0131&#x27;nda ikramiye zamm\u0131 olup olmayaca\u011f\u0131 da g\u00fcndeme gelen bir di\u011fer konu oldu. SSK, Ba\u011fkur, Emekli Sand\u0131\u011f\u0131 emeklileri, Ramazan Bayram\u0131&#x27;ndan sonra Kurban Bayram\u0131&#x27;nda alacaklar\u0131 ikramiye \u00f6demelerini beklemeye ba\u015flad\u0131. Peki, SSK, Ba\u011fkur, Emekli Sand\u0131\u011f\u0131 Kurban Bayram\u0131 emekli bayram ikramiyesi ne kadar, ka\u00e7 TL olacak? Kurban Bayram\u0131 emekli ikramiyesi ne zaman yatacak? \u0130\u015fte, ayr\u0131nt\u0131lar.<\/p>\n<p>2026 y\u0131l\u0131nda Kurban Bayram\u0131 arefesi 26 May\u0131s&#x27;a denk gelecek. Kurban Bayram\u0131 27-30 May\u0131s 2026 tarihlerinde idrak edilecek. Kurban Bayram\u0131 arefe g\u00fcn\u00fc sal\u0131 g\u00fcn\u00fc ger\u00e7ekle\u015fecek. Bu durumda ikramiye \u00f6demelerinin hafta sonundan \u00f6nce en ge\u00e7 22 May\u0131s 2026 tarihine kadar \u00f6denmesi bekleniyor. Bayram ikramiyesi \u00f6deme takvimi SGK taraf\u0131ndan a\u00e7\u0131klanacak.<\/p>\n<p>Her y\u0131l Ramazan ve Kurban bayramlar\u0131nda geleneksel olarak \u00f6denen bayram ikramiyelerinde bu y\u0131l\u0131n rakamlar\u0131 da netle\u015fti. Bu y\u0131l Ramazan Bayram\u0131 i\u00e7in emeklilere 4 bin lira&#8230;<\/p>\n","protected":false},"excerpt":{"rendered":"<p>Emekli bayram ikramiyesi \u00f6deme tarihi ve g\u00fcn\u00fc Kurban Bayram\u0131 yakla\u015f\u0131rken g\u00fcndeme geldi. SSK, Ba\u011fkur, Emekli Sand\u0131\u011f\u0131 Kurban Bayram\u0131 emekli ikramiyesi ne zaman&#8230;<\/p>\n","protected":false},"author":2,"featured_media":29253,"comment_status":"open","ping_status":"open","sticky":false,"template":"","format":"standard","meta":{"footnotes":""},"categories":[6,5],"tags":[],"class_list":["post-29254","post","type-post","status-publish","format-standard","has-post-thumbnail","hentry","category-gundem","category-son-dakika"],"_links":{"self":[{"href":"https:\/\/eskigazeteci.com\/index.php?rest_route=\/wp\/v2\/posts\/29254","targetHints":{"allow":["GET"]}}],"collection":[{"href":"https:\/\/eskigazeteci.com\/index.php?rest_route=\/wp\/v2\/posts"}],"about":[{"href":"https:\/\/eskigazeteci.com\/index.php?rest_route=\/wp\/v2\/types\/post"}],"author":[{"embeddable":true,"href":"https:\/\/eskigazeteci.com\/index.php?rest_route=\/wp\/v2\/users\/2"}],"replies":[{"embeddable":true,"href":"https:\/\/eskigazeteci.com\/index.php?rest_route=%2Fwp%2Fv2%2Fcomments&post=29254"}],"version-history":[{"count":0,"href":"https:\/\/eskigazeteci.com\/index.php?rest_route=\/wp\/v2\/posts\/29254\/revisions"}],"wp:featuredmedia":[{"embeddable":true,"href":"https:\/\/eskigazeteci.com\/index.php?rest_route=\/wp\/v2\/media\/29253"}],"wp:attachment":[{"href":"https:\/\/eskigazeteci.com\/index.php?rest_route=%2Fwp%2Fv2%2Fmedia&parent=29254"}],"wp:term":[{"taxonomy":"category","embeddable":true,"href":"https:\/\/eskigazeteci.com\/index.php?rest_route=%2Fwp%2Fv2%2Fcategories&post=29254"},{"taxonomy":"post_tag","embeddable":true,"href":"https:\/\/eskigazeteci.com\/index.php?rest_route=%2Fwp%2Fv2%2Ftags&post=29254"}],"curies":[{"name":"wp","href":"https:\/\/api.w.org\/{rel}","templated":true}]}}