{"id":29252,"date":"2026-04-26T17:45:51","date_gmt":"2026-04-26T17:45:51","guid":{"rendered":"https:\/\/eskigazeteci.com\/?p=29252"},"modified":"2026-04-26T17:45:51","modified_gmt":"2026-04-26T17:45:51","slug":"kuresel-sumud-filosu-italyadan-yola-cikti","status":"publish","type":"post","link":"https:\/\/eskigazeteci.com\/?p=29252","title":{"rendered":"K\u00fcresel Sumud Filosu \u0130talya&#8217;dan yola \u00e7\u0131kt\u0131"},"content":{"rendered":"<p>Farkl\u0131 \u00fclkelerden gelen sivil toplum kurulu\u015fu temsilcileri, aktivistler ve g\u00f6n\u00fcll\u00fclerin Gazze&#x27;ye insani yard\u0131m ula\u015ft\u0131rmak amac\u0131yla 2025&#x27;te olu\u015fturdu\u011fu sivil inisiyatif K\u00fcresel Sumud Filosu\u2019nun ikinci seferi, \u0130talya aya\u011f\u0131n\u0131 tamamlad\u0131.<\/p>\n<p>\u0130spanya&#x27;n\u0131n Barselona kentinden 12 Nisan&#x27;da hareket eden ve 23 Nisan&#x27;da \u0130talya&#x27;n\u0131n Sicilya Adas\u0131&#x27;na ula\u015fan filoya, \u0130talya&#x27;dan kat\u0131lacak aktivistler de tekneleriyle Siracusa ve Augusta&#x27;da dahil oldu.<\/p>\n<p>Augusta&#x27;daki yat liman\u0131nda tekne say\u0131s\u0131 65&#x27;e ula\u015fan filo bug\u00fcn limandan ayr\u0131lmak i\u00e7in gerekli prosed\u00fcrleri hallettikten sonra tekneleriyle belirlenen d\u00fczene g\u00f6re \u00f6\u011fleden sonra s\u0131rayla limandan ayr\u0131larak Akdeniz&#x27;e yelken a\u00e7t\u0131. Tekneleri, Augusta&#x27;daki yat liman\u0131n\u0131n a\u00e7\u0131klar\u0131nda filoya destek veren Greenpeace gemisi kar\u015f\u0131lad\u0131.<\/p>\n<p>Teknelerin limandan ayr\u0131l\u0131\u015f\u0131 s\u0131ras\u0131nda \u00e7ok say\u0131da Filistin destek\u00e7isi de &quot; \u00d6zg\u00fcr Filistin &quot; \u015feklinde sloganlar atarken, me\u015faleler yakt\u0131. Aktivistler birbirlerine, &quot;Gazze\u2019de g\u00f6r\u00fc\u015fmek \u00fczere&quot; diyerek veda etti. Teknelerin Augusta liman\u0131ndan ayr\u0131l\u0131\u015f an\u0131 renkli g\u00f6r\u00fcnt\u00fclere sahne oldu.<\/p>\n<p>AKT\u0130V\u0130STLER HEYECANLI VE KARARLI<\/p>\n<p>Filoyla Barselona&#x27;dan kat\u0131lan T\u00fcrk aktivist Ali Deniz, Gazze yolculuklar\u0131n\u0131n 26&#x27;nc\u0131 g\u00fcn\u00fcnde olduklar\u0131n\u0131 belirterek,&#8230;<\/p>\n","protected":false},"excerpt":{"rendered":"<p>\u0130srail&#8217;in Gazze ablukas\u0131n\u0131 k\u0131rmay\u0131 ve buraya insani yard\u0131m ta\u015f\u0131may\u0131 ama\u00e7layan K\u00fcresel Sumud Filosu&#8217;nun 2026 Bahar Misyonu, \u0130talya\u2019n\u0131n Sicilya Adas\u0131\u2019ndaki son&#8230;<\/p>\n","protected":false},"author":2,"featured_media":29251,"comment_status":"open","ping_status":"open","sticky":false,"template":"","format":"standard","meta":{"footnotes":""},"categories":[6,5],"tags":[],"class_list":["post-29252","post","type-post","status-publish","format-standard","has-post-thumbnail","hentry","category-gundem","category-son-dakika"],"_links":{"self":[{"href":"https:\/\/eskigazeteci.com\/index.php?rest_route=\/wp\/v2\/posts\/29252","targetHints":{"allow":["GET"]}}],"collection":[{"href":"https:\/\/eskigazeteci.com\/index.php?rest_route=\/wp\/v2\/posts"}],"about":[{"href":"https:\/\/eskigazeteci.com\/index.php?rest_route=\/wp\/v2\/types\/post"}],"author":[{"embeddable":true,"href":"https:\/\/eskigazeteci.com\/index.php?rest_route=\/wp\/v2\/users\/2"}],"replies":[{"embeddable":true,"href":"https:\/\/eskigazeteci.com\/index.php?rest_route=%2Fwp%2Fv2%2Fcomments&post=29252"}],"version-history":[{"count":0,"href":"https:\/\/eskigazeteci.com\/index.php?rest_route=\/wp\/v2\/posts\/29252\/revisions"}],"wp:featuredmedia":[{"embeddable":true,"href":"https:\/\/eskigazeteci.com\/index.php?rest_route=\/wp\/v2\/media\/29251"}],"wp:attachment":[{"href":"https:\/\/eskigazeteci.com\/index.php?rest_route=%2Fwp%2Fv2%2Fmedia&parent=29252"}],"wp:term":[{"taxonomy":"category","embeddable":true,"href":"https:\/\/eskigazeteci.com\/index.php?rest_route=%2Fwp%2Fv2%2Fcategories&post=29252"},{"taxonomy":"post_tag","embeddable":true,"href":"https:\/\/eskigazeteci.com\/index.php?rest_route=%2Fwp%2Fv2%2Ftags&post=29252"}],"curies":[{"name":"wp","href":"https:\/\/api.w.org\/{rel}","templated":true}]}}