{"id":29250,"date":"2026-04-26T17:44:19","date_gmt":"2026-04-26T17:44:19","guid":{"rendered":"https:\/\/eskigazeteci.com\/?p=29250"},"modified":"2026-04-26T17:44:19","modified_gmt":"2026-04-26T17:44:19","slug":"derbide-penalti-tartismasi-fenerbahce-yararlanamadi-galatasaray-isyan-etti-dusurulmesinin-ardindan-karar-devam","status":"publish","type":"post","link":"https:\/\/eskigazeteci.com\/?p=29250","title":{"rendered":"Derbide penalt\u0131 tart\u0131\u015fmas\u0131: Fenerbah\u00e7e yararlanamad\u0131, Galatasaray isyan etti! &#8216;D\u00fc\u015f\u00fcr\u00fclmesinin ard\u0131ndan karar devam&#8217;"},"content":{"rendered":"<p>Trendyol S\u00fcper Lig&#x27;in 31. haftas\u0131 dev derbiye sahne oldu.<\/p>\n<p>Fenerbah\u00e7e , lider Galatasaray &#x27;a konuk olurken m\u00fccadeleye h\u0131zl\u0131 ba\u015flayan taraf sar\u0131-lacivertliler oldu.<\/p>\n<p>YAS\u0130N KOL PENALTI DED\u0130<\/p>\n<p>Kar\u015f\u0131la\u015fman\u0131n hen\u00fcz 13. dakikas\u0131nda Fenerbah\u00e7e penalt\u0131 kazand\u0131.<\/p>\n<p>Sol kanattan geli\u015fen h\u0131zl\u0131 atakta savunma arkas\u0131na ko\u015fan Cherif, Abd\u00fclkerim Bardakc\u0131 ve Davinson Sanchez&#x27;in aras\u0131ndan h\u0131zla ceza sahas\u0131na girdi. Vuru\u015funu yapmayan haz\u0131rland\u0131\u011f\u0131 anda Cherif&#x27;i Davinson Sanchez kayarak d\u00fc\u015f\u00fcrd\u00fc.<\/p>\n<p>Hakem Yasin Kol, teredd\u00fcts\u00fcz penalt\u0131 noktas\u0131n\u0131 g\u00f6sterdi.<\/p>\n<p>TALISCA DI\u015eARIYA VURDU<\/p>\n<p>Beyaz noktada topun ba\u015f\u0131na ge\u00e7en Talisca, sol aya\u011f\u0131n\u0131n i\u00e7iyle sa\u011f alt k\u00f6\u015feye vurdu ancak top yandan d\u0131\u015far\u0131ya gitti.<\/p>\n<p>GALATASARAY PENALTI BEKLED\u0130<\/p>\n<p>Galatasaray kar\u015f\u0131la\u015fman\u0131n 22. dakikas\u0131nda penalt\u0131 bekledi.<\/p>\n<p>Savunmadan seken topu \u00f6n\u00fcne alarak ceza sahas\u0131na giren Leroy Sane, Nene&#x27;yle girdi\u011fi ikili m\u00fccadele sonras\u0131nda yerde kald\u0131. Galatasaray cephesi bu pozisyonda penalt\u0131 bekledi ancak oyun devam etti.<\/p>\n<p>Bir s\u00fcre VAR&#x27;la diyalog kuran Yasin Kol, herhangi bir izleme tavsiyesi gelmeyince oyunun ba\u015flamas\u0131n\u0131 istedi.<\/p>\n<p>FENERBAH\u00c7E&#x27;DE \u0130K\u0130 \u0130SME SARI KART<\/p>\n<p>Fenerbah\u00e7e&#x27;de Ederson ve Archie Brown, penalt\u0131 beklentileri sonras\u0131 ya\u015fanan tart\u0131\u015fmalar\u0131n&#8230;<\/p>\n","protected":false},"excerpt":{"rendered":"<p>Trendyol S\u00fcper Lig&#8217;in 31. haftas\u0131nda Galatasaray ile Fenerbah\u00e7e kozlar\u0131n\u0131 payla\u015ft\u0131. M\u00fccadelenin ilk yar\u0131s\u0131nda sar\u0131-lacivertliler kazand\u0131\u011f\u0131 penalt\u0131y\u0131 Talisca&#8230;<\/p>\n","protected":false},"author":2,"featured_media":29249,"comment_status":"open","ping_status":"open","sticky":false,"template":"","format":"standard","meta":{"footnotes":""},"categories":[5,7],"tags":[],"class_list":["post-29250","post","type-post","status-publish","format-standard","has-post-thumbnail","hentry","category-son-dakika","category-spor"],"_links":{"self":[{"href":"https:\/\/eskigazeteci.com\/index.php?rest_route=\/wp\/v2\/posts\/29250","targetHints":{"allow":["GET"]}}],"collection":[{"href":"https:\/\/eskigazeteci.com\/index.php?rest_route=\/wp\/v2\/posts"}],"about":[{"href":"https:\/\/eskigazeteci.com\/index.php?rest_route=\/wp\/v2\/types\/post"}],"author":[{"embeddable":true,"href":"https:\/\/eskigazeteci.com\/index.php?rest_route=\/wp\/v2\/users\/2"}],"replies":[{"embeddable":true,"href":"https:\/\/eskigazeteci.com\/index.php?rest_route=%2Fwp%2Fv2%2Fcomments&post=29250"}],"version-history":[{"count":0,"href":"https:\/\/eskigazeteci.com\/index.php?rest_route=\/wp\/v2\/posts\/29250\/revisions"}],"wp:featuredmedia":[{"embeddable":true,"href":"https:\/\/eskigazeteci.com\/index.php?rest_route=\/wp\/v2\/media\/29249"}],"wp:attachment":[{"href":"https:\/\/eskigazeteci.com\/index.php?rest_route=%2Fwp%2Fv2%2Fmedia&parent=29250"}],"wp:term":[{"taxonomy":"category","embeddable":true,"href":"https:\/\/eskigazeteci.com\/index.php?rest_route=%2Fwp%2Fv2%2Fcategories&post=29250"},{"taxonomy":"post_tag","embeddable":true,"href":"https:\/\/eskigazeteci.com\/index.php?rest_route=%2Fwp%2Fv2%2Ftags&post=29250"}],"curies":[{"name":"wp","href":"https:\/\/api.w.org\/{rel}","templated":true}]}}