{"id":29246,"date":"2026-04-26T17:32:46","date_gmt":"2026-04-26T17:32:46","guid":{"rendered":"https:\/\/eskigazeteci.com\/?p=29246"},"modified":"2026-04-26T17:32:46","modified_gmt":"2026-04-26T17:32:46","slug":"hava-durumu-tahminleri-il-il-27-nisan-2026","status":"publish","type":"post","link":"https:\/\/eskigazeteci.com\/?p=29246","title":{"rendered":"Hava durumu tahminleri il il 27 Nisan 2026"},"content":{"rendered":"<p>Meteoroloji Genel M\u00fcd\u00fcrl\u00fc\u011f\u00fc taraf\u0131ndan yap\u0131lan son de\u011ferlendirmelere g\u00f6re, \u00fclkemiz genelinin par\u00e7al\u0131 ve \u00e7ok bulutlu, Orta ve Do\u011fu Akdeniz, Do\u011fu Karadeniz, Do\u011fu ve G\u00fcneydo\u011fu Anadolu, Mu\u011fla, Denizli, Konya, Karaman, Ni\u011fde, Kayseri, Sivas, Bolu, Tokat ve Ordu \u00e7evreleri ile Antalya ve Samsun&#x27;un i\u00e7 kesimlerinin aral\u0131kl\u0131 sa\u011fanak ve g\u00f6k g\u00fcr\u00fclt\u00fcl\u00fc sa\u011fanak ya\u011f\u0131\u015fl\u0131 ge\u00e7ece\u011fi tahmin ediliyor. Ya\u011f\u0131\u015flar\u0131n, G\u00fcneydo\u011fu Anadolu ile Kahramanmara\u015f, Malatya, Elaz\u0131\u011f ve \u015e\u0131rnak \u00e7evrelerinde kuvvetli olmas\u0131 bekleniyor. Do\u011fu Karadeniz&#x27;in i\u00e7 kesimleri ile Do\u011fu Anadolu&#x27;da y\u00fcksek kar \u00f6rt\u00fcs\u00fcne sahip e\u011fimli alanlarda \u00e7\u0131\u011f ve kar erimesi tehlikesi bulunmaktad\u0131r.<\/p>\n<p>YEN\u0130 HAFTADA HAVA NASIL OLACAK?<\/p>\n<p>Yurt genelinde bu hafta sa\u011fanak ve g\u00f6k g\u00fcr\u00fclt\u00fcl\u00fc sa\u011fanak etkili olacak, hava s\u0131cakl\u0131klar\u0131 mevsim normalleri civar\u0131nda seyredecek. \u00c7evre, \u015eehircilik ve \u0130klim De\u011fi\u015fikli\u011fi Bakanl\u0131\u011f\u0131 Meteoroloji Genel M\u00fcd\u00fcrl\u00fc\u011f\u00fc Hava Tahmin Uzman\u0131 Fevzi Burak Tekin, AA muhabirine, yurt genelinde bu hafta beklenen hava durumuna ili\u015fkin de\u011ferlendirmede bulundu.<\/p>\n<p>Tekin, yap\u0131lan son de\u011ferlendirmelere g\u00f6re, yeni haftada yurdun b\u00fcy\u00fck b\u00f6l\u00fcm\u00fcnde sa\u011fanak ve g\u00f6k g\u00fcr\u00fclt\u00fcl\u00fc sa\u011fana\u011f\u0131n etkili olaca\u011f\u0131n\u0131 belirtti. Bug\u00fcn yurdun g\u00fcneydo\u011fu kesimlerinde kuvvetli&#8230;<\/p>\n","protected":false},"excerpt":{"rendered":"<p>Son dakika hava durumu de\u011ferlendirmeleri Meteoroloji taraf\u0131ndan yay\u0131nland\u0131. \u0130stanbul ve bir\u00e7ok ilde s\u0131cakl\u0131klar artarken, yeni hafta i\u00e7in yeni sa\u011fanak ya\u011f\u0131\u015f&#8230;<\/p>\n","protected":false},"author":2,"featured_media":29245,"comment_status":"open","ping_status":"open","sticky":false,"template":"","format":"standard","meta":{"footnotes":""},"categories":[6,5],"tags":[],"class_list":["post-29246","post","type-post","status-publish","format-standard","has-post-thumbnail","hentry","category-gundem","category-son-dakika"],"_links":{"self":[{"href":"https:\/\/eskigazeteci.com\/index.php?rest_route=\/wp\/v2\/posts\/29246","targetHints":{"allow":["GET"]}}],"collection":[{"href":"https:\/\/eskigazeteci.com\/index.php?rest_route=\/wp\/v2\/posts"}],"about":[{"href":"https:\/\/eskigazeteci.com\/index.php?rest_route=\/wp\/v2\/types\/post"}],"author":[{"embeddable":true,"href":"https:\/\/eskigazeteci.com\/index.php?rest_route=\/wp\/v2\/users\/2"}],"replies":[{"embeddable":true,"href":"https:\/\/eskigazeteci.com\/index.php?rest_route=%2Fwp%2Fv2%2Fcomments&post=29246"}],"version-history":[{"count":0,"href":"https:\/\/eskigazeteci.com\/index.php?rest_route=\/wp\/v2\/posts\/29246\/revisions"}],"wp:featuredmedia":[{"embeddable":true,"href":"https:\/\/eskigazeteci.com\/index.php?rest_route=\/wp\/v2\/media\/29245"}],"wp:attachment":[{"href":"https:\/\/eskigazeteci.com\/index.php?rest_route=%2Fwp%2Fv2%2Fmedia&parent=29246"}],"wp:term":[{"taxonomy":"category","embeddable":true,"href":"https:\/\/eskigazeteci.com\/index.php?rest_route=%2Fwp%2Fv2%2Fcategories&post=29246"},{"taxonomy":"post_tag","embeddable":true,"href":"https:\/\/eskigazeteci.com\/index.php?rest_route=%2Fwp%2Fv2%2Ftags&post=29246"}],"curies":[{"name":"wp","href":"https:\/\/api.w.org\/{rel}","templated":true}]}}