{"id":29244,"date":"2026-04-26T17:22:46","date_gmt":"2026-04-26T17:22:46","guid":{"rendered":"https:\/\/eskigazeteci.com\/?p=29244"},"modified":"2026-04-26T17:22:46","modified_gmt":"2026-04-26T17:22:46","slug":"galatasaraya-ugurcan-cakirdan-kotu-haber-samsunda-yok","status":"publish","type":"post","link":"https:\/\/eskigazeteci.com\/?p=29244","title":{"rendered":"Galatasaray&#8217;a U\u011furcan \u00c7ak\u0131r&#8217;dan k\u00f6t\u00fc haber: Samsun&#8217;da yok!"},"content":{"rendered":"<p>Trendyol S\u00fcper Lig&#x27;in 31. haftas\u0131nda Galatasaray , evinde Fenerbah\u00e7e ile kar\u015f\u0131 kar\u015f\u0131ya geldi.<\/p>\n<p>Sar\u0131-k\u0131rm\u0131z\u0131l\u0131larda milli kaleci U\u011furcan \u00c7ak\u0131r , m\u00fccadelenin hen\u00fcz 6. dakikas\u0131nda \u00e7\u0131kan gerginli\u011fin ard\u0131ndan Oosterwolde ile birlikte sar\u0131 kart g\u00f6rd\u00fc. U\u011furcan, bu kartla cezal\u0131 duruma d\u00fc\u015ft\u00fc.<\/p>\n<p>Milli kaleci, gelecek hafta oynanacak Samsunspor deplasman\u0131nda forma giyemeyecek.<\/p>\n<p>T\u00fcrkiye&#x27;den ve D\u00fcnya\u2019dan son dakika haberleri, k\u00f6\u015fe yaz\u0131lar\u0131, magazinden siyasete, spordan seyahate b\u00fct\u00fcn konular\u0131n tek adresi Hurriyet.com.tr haber i\u00e7erikleri izin al\u0131nmadan, kaynak g\u00f6sterilerek dahi iktibas edilemez. Kanuna ayk\u0131r\u0131 ve izinsiz olarak kopyalanamaz, ba\u015fka yerde yay\u0131nlanamaz.<\/p>\n","protected":false},"excerpt":{"rendered":"<p>Galatasaray&#8217;\u0131n file bek\u00e7isi U\u011furcan \u00c7ak\u0131r, Fenerbah\u00e7e derbisinin hemen ma\u00e7\u0131nda g\u00f6rd\u00fc\u011f\u00fc sar\u0131 kartla cezal\u0131 duruma d\u00fc\u015ft\u00fc.<\/p>\n","protected":false},"author":2,"featured_media":29243,"comment_status":"open","ping_status":"open","sticky":false,"template":"","format":"standard","meta":{"footnotes":""},"categories":[5,7],"tags":[],"class_list":["post-29244","post","type-post","status-publish","format-standard","has-post-thumbnail","hentry","category-son-dakika","category-spor"],"_links":{"self":[{"href":"https:\/\/eskigazeteci.com\/index.php?rest_route=\/wp\/v2\/posts\/29244","targetHints":{"allow":["GET"]}}],"collection":[{"href":"https:\/\/eskigazeteci.com\/index.php?rest_route=\/wp\/v2\/posts"}],"about":[{"href":"https:\/\/eskigazeteci.com\/index.php?rest_route=\/wp\/v2\/types\/post"}],"author":[{"embeddable":true,"href":"https:\/\/eskigazeteci.com\/index.php?rest_route=\/wp\/v2\/users\/2"}],"replies":[{"embeddable":true,"href":"https:\/\/eskigazeteci.com\/index.php?rest_route=%2Fwp%2Fv2%2Fcomments&post=29244"}],"version-history":[{"count":0,"href":"https:\/\/eskigazeteci.com\/index.php?rest_route=\/wp\/v2\/posts\/29244\/revisions"}],"wp:featuredmedia":[{"embeddable":true,"href":"https:\/\/eskigazeteci.com\/index.php?rest_route=\/wp\/v2\/media\/29243"}],"wp:attachment":[{"href":"https:\/\/eskigazeteci.com\/index.php?rest_route=%2Fwp%2Fv2%2Fmedia&parent=29244"}],"wp:term":[{"taxonomy":"category","embeddable":true,"href":"https:\/\/eskigazeteci.com\/index.php?rest_route=%2Fwp%2Fv2%2Fcategories&post=29244"},{"taxonomy":"post_tag","embeddable":true,"href":"https:\/\/eskigazeteci.com\/index.php?rest_route=%2Fwp%2Fv2%2Ftags&post=29244"}],"curies":[{"name":"wp","href":"https:\/\/api.w.org\/{rel}","templated":true}]}}