{"id":29234,"date":"2026-04-26T16:42:42","date_gmt":"2026-04-26T16:42:42","guid":{"rendered":"https:\/\/eskigazeteci.com\/?p=29234"},"modified":"2026-04-26T16:42:42","modified_gmt":"2026-04-26T16:42:42","slug":"israil-alikoydugu-15-filistinliyi-serbest-birakti","status":"publish","type":"post","link":"https:\/\/eskigazeteci.com\/?p=29234","title":{"rendered":"\u0130srail, al\u0131koydu\u011fu 15 Filistinliyi serbest b\u0131rakt\u0131"},"content":{"rendered":"<p>Filistinli Esirler Enformasyon Merkezi&#x27;nden yap\u0131lan yaz\u0131l\u0131 a\u00e7\u0131klamada, \u0130srail&#x27;in Ekim 2023&#x27;te ba\u015flayan Gazze \u015eeridi&#x27;ne y\u00f6nelik sald\u0131r\u0131lar\u0131nda al\u0131koydu\u011fu 15 Filistinli esirin serbest b\u0131rak\u0131ld\u0131\u011f\u0131 belirtildi.<\/p>\n<p>Uluslararas\u0131 K\u0131z\u0131lha\u00e7 Komitesi (ICRC) ekipleri, Kerem Ebu Salim S\u0131n\u0131r Kap\u0131s\u0131&#x27;ndan Gazze \u015eeridi&#x27;ne giri\u015f yapan Filistinli esirleri kar\u015f\u0131lad\u0131.<\/p>\n<p>Sa\u011fl\u0131k kontrol\u00fc i\u00e7in Deyr el-Belah kentindeki Aksa \u015eehitleri Hastanesi&#x27;ne getirilen 15 Filistinli esirin, sa\u011fl\u0131k durumlar\u0131 hakk\u0131nda hen\u00fcz bilgilendirme yap\u0131lmad\u0131.<\/p>\n<p>\u0130srail, Ekim 2025&#x27;te y\u00fcr\u00fcrl\u00fc\u011fe giren ate\u015fkes uyar\u0131nca belli bir takvim g\u00f6zetmeden aral\u0131klarla Gazze&#x27;deki sald\u0131r\u0131lar s\u0131ras\u0131nda al\u0131koydu\u011fu binlerce Filistinliden baz\u0131lar\u0131n\u0131 serbest b\u0131rak\u0131yor.<\/p>\n<p>\u0130srail merkezli insan haklar\u0131 \u00f6rg\u00fct\u00fc B&#x27;Tselem, 20 Ocak&#x27;ta yapt\u0131\u011f\u0131 a\u00e7\u0131klamada, Ekim 2023&#x27;ten bu yana \u0130srail\u2019in g\u00f6zalt\u0131 merkezleri ve hapishanelerinde 84 Filistinlinin hayat\u0131n\u0131 kaybetti\u011fini, \u00f6lenlerin \u00e7o\u011funun Gazze \u015eeridi&#x27;nden al\u0131konulanlar oldu\u011funu bildirmi\u015fti.<\/p>\n<p>Filistinli Esirler Cemiyeti de daha \u00f6nce yapt\u0131\u011f\u0131 a\u00e7\u0131klamalarda, \u0130srail&#x27;in Gazze&#x27;den binlerce Filistinliyi tam bir gizlilik i\u00e7inde al\u0131koydu\u011funu ve en a\u011f\u0131r zararlar\u0131 vermeyi ama\u00e7layan korkun\u00e7 ko\u015fullara maruz b\u0131rakt\u0131\u011f\u0131n\u0131&#8230;<\/p>\n","protected":false},"excerpt":{"rendered":"<p>\u0130srail, Gazze \u015eeridi&#8217;nden al\u0131koydu\u011fu 15 Filistinli esiri serbest b\u0131rakt\u0131.<\/p>\n","protected":false},"author":2,"featured_media":29233,"comment_status":"open","ping_status":"open","sticky":false,"template":"","format":"standard","meta":{"footnotes":""},"categories":[8,6,5],"tags":[],"class_list":["post-29234","post","type-post","status-publish","format-standard","has-post-thumbnail","hentry","category-arsiv","category-gundem","category-son-dakika"],"_links":{"self":[{"href":"https:\/\/eskigazeteci.com\/index.php?rest_route=\/wp\/v2\/posts\/29234","targetHints":{"allow":["GET"]}}],"collection":[{"href":"https:\/\/eskigazeteci.com\/index.php?rest_route=\/wp\/v2\/posts"}],"about":[{"href":"https:\/\/eskigazeteci.com\/index.php?rest_route=\/wp\/v2\/types\/post"}],"author":[{"embeddable":true,"href":"https:\/\/eskigazeteci.com\/index.php?rest_route=\/wp\/v2\/users\/2"}],"replies":[{"embeddable":true,"href":"https:\/\/eskigazeteci.com\/index.php?rest_route=%2Fwp%2Fv2%2Fcomments&post=29234"}],"version-history":[{"count":0,"href":"https:\/\/eskigazeteci.com\/index.php?rest_route=\/wp\/v2\/posts\/29234\/revisions"}],"wp:featuredmedia":[{"embeddable":true,"href":"https:\/\/eskigazeteci.com\/index.php?rest_route=\/wp\/v2\/media\/29233"}],"wp:attachment":[{"href":"https:\/\/eskigazeteci.com\/index.php?rest_route=%2Fwp%2Fv2%2Fmedia&parent=29234"}],"wp:term":[{"taxonomy":"category","embeddable":true,"href":"https:\/\/eskigazeteci.com\/index.php?rest_route=%2Fwp%2Fv2%2Fcategories&post=29234"},{"taxonomy":"post_tag","embeddable":true,"href":"https:\/\/eskigazeteci.com\/index.php?rest_route=%2Fwp%2Fv2%2Ftags&post=29234"}],"curies":[{"name":"wp","href":"https:\/\/api.w.org\/{rel}","templated":true}]}}