{"id":29232,"date":"2026-04-26T16:32:42","date_gmt":"2026-04-26T16:32:42","guid":{"rendered":"https:\/\/eskigazeteci.com\/?p=29232"},"modified":"2026-04-26T16:32:42","modified_gmt":"2026-04-26T16:32:42","slug":"galatasaray-taraftarindan-kerem-akturkogluna-buyuk-tepki-gondermeli-sarki","status":"publish","type":"post","link":"https:\/\/eskigazeteci.com\/?p=29232","title":{"rendered":"Galatasaray taraftar\u0131ndan Kerem Akt\u00fcrko\u011flu&#8217;na b\u00fcy\u00fck tepki: G\u00f6ndermeli \u015fark\u0131!"},"content":{"rendered":"<p>Trendyol S\u00fcper Lig&#x27;in 31. haftas\u0131nda Galatasaray , Fenerbah\u00e7e ile sahas\u0131nda kar\u015f\u0131 kar\u015f\u0131ya geliyor.<\/p>\n<p>KEREM AKT\u00dcRKO\u011eLU \u0130LK KEZ RAMS PARK&#x27;TA<\/p>\n<p>4 sezon Galatasaray formas\u0131 giyen ve iki lig \u015fampiyonlu\u011fu ya\u015fayan Akt\u00fcrko\u011flu, sonras\u0131nda ge\u00e7ti\u011fimiz sezon Benfica&#x27;ya transfer olmu\u015ftu.<\/p>\n<p>Fenerbah\u00e7e formas\u0131 ile S\u00fcper Lig&#x27;e d\u00f6nen Kerem Akt\u00fcrko\u011flu, ilk kez Galatasaray deplasman\u0131na \u00e7\u0131kacak.<\/p>\n<p>ISLIKLI PROTESTO<\/p>\n<p>Fenerbah\u00e7e&#x27;de kar\u015f\u0131la\u015fma \u00f6ncesi sahaya \u00e7\u0131kan ilk isim Kerem Akt\u00fcrko\u011flu oldu. Milli futbolcunun sahaya \u00e7ay i\u00e7erek \u00e7\u0131kmas\u0131 tepki \u00e7ekti.<\/p>\n<p>Sar\u0131-k\u0131rm\u0131z\u0131l\u0131 taraftarlar ise yo\u011fun tepki g\u00f6sterdi. Taraftarlar Kerem&#x27;i, t\u00fcnelden \u00e7\u0131kt\u0131\u011f\u0131 an \u0131sl\u0131klamaya ba\u015flad\u0131.<\/p>\n<p>\u015eARKILI G\u00d6NDERME<\/p>\n<p>Milli futbolcu i\u00e7in RAMS Park hoparl\u00f6r\u00fcnden de &#x27;Mavi boncuk&#x27; \u015fark\u0131s\u0131 a\u00e7\u0131ld\u0131.<\/p>\n<p>T\u00fcrkiye&#x27;den ve D\u00fcnya\u2019dan son dakika haberleri, k\u00f6\u015fe yaz\u0131lar\u0131, magazinden siyasete, spordan seyahate b\u00fct\u00fcn konular\u0131n tek adresi Hurriyet.com.tr haber i\u00e7erikleri izin al\u0131nmadan, kaynak g\u00f6sterilerek dahi iktibas edilemez. Kanuna ayk\u0131r\u0131 ve izinsiz olarak kopyalanamaz, ba\u015fka yerde yay\u0131nlanamaz.<\/p>\n","protected":false},"excerpt":{"rendered":"<p>Galatasaray taraftarlar\u0131, Fenerbah\u00e7e derbisi \u00f6ncesi sahaya \u00e7\u0131kan eski futbolcular\u0131 Kerem Akt\u00fcrko\u011flu&#8217;na yo\u011fun tepki g\u00f6sterdi. Taraftarlar, Akt\u00fcrko\u011flu&#8217;nu&#8230;<\/p>\n","protected":false},"author":2,"featured_media":29231,"comment_status":"open","ping_status":"open","sticky":false,"template":"","format":"standard","meta":{"footnotes":""},"categories":[8,5,7],"tags":[],"class_list":["post-29232","post","type-post","status-publish","format-standard","has-post-thumbnail","hentry","category-arsiv","category-son-dakika","category-spor"],"_links":{"self":[{"href":"https:\/\/eskigazeteci.com\/index.php?rest_route=\/wp\/v2\/posts\/29232","targetHints":{"allow":["GET"]}}],"collection":[{"href":"https:\/\/eskigazeteci.com\/index.php?rest_route=\/wp\/v2\/posts"}],"about":[{"href":"https:\/\/eskigazeteci.com\/index.php?rest_route=\/wp\/v2\/types\/post"}],"author":[{"embeddable":true,"href":"https:\/\/eskigazeteci.com\/index.php?rest_route=\/wp\/v2\/users\/2"}],"replies":[{"embeddable":true,"href":"https:\/\/eskigazeteci.com\/index.php?rest_route=%2Fwp%2Fv2%2Fcomments&post=29232"}],"version-history":[{"count":0,"href":"https:\/\/eskigazeteci.com\/index.php?rest_route=\/wp\/v2\/posts\/29232\/revisions"}],"wp:featuredmedia":[{"embeddable":true,"href":"https:\/\/eskigazeteci.com\/index.php?rest_route=\/wp\/v2\/media\/29231"}],"wp:attachment":[{"href":"https:\/\/eskigazeteci.com\/index.php?rest_route=%2Fwp%2Fv2%2Fmedia&parent=29232"}],"wp:term":[{"taxonomy":"category","embeddable":true,"href":"https:\/\/eskigazeteci.com\/index.php?rest_route=%2Fwp%2Fv2%2Fcategories&post=29232"},{"taxonomy":"post_tag","embeddable":true,"href":"https:\/\/eskigazeteci.com\/index.php?rest_route=%2Fwp%2Fv2%2Ftags&post=29232"}],"curies":[{"name":"wp","href":"https:\/\/api.w.org\/{rel}","templated":true}]}}