{"id":29230,"date":"2026-04-26T16:14:12","date_gmt":"2026-04-26T16:14:12","guid":{"rendered":"https:\/\/eskigazeteci.com\/?p=29230"},"modified":"2026-04-26T16:14:12","modified_gmt":"2026-04-26T16:14:12","slug":"enflasyon-beklentisi-2026-nisan-ayi","status":"publish","type":"post","link":"https:\/\/eskigazeteci.com\/?p=29230","title":{"rendered":"ENFLASYON BEKLENT\u0130S\u0130 2026 N\u0130SAN AYI"},"content":{"rendered":"<p>Nisan ay\u0131 enflasyon beklentisi 2026 Nisan ay\u0131 i\u00e7in belli oldu. Merkez Bankas\u0131 Piyasa Kat\u0131l\u0131mc\u0131lar\u0131 Anketi raporu yay\u0131nland\u0131. Ankete g\u00f6re T\u00fcketici Fiyat Endeksi&#x27;nde (T\u00dcFE) y\u0131l sonu art\u0131\u015f beklentisi y\u00fczde 25,38&#x27;den y\u00fczde 27,53&#x27;e y\u00fckseldi. Memur ve emekli maa\u015f zamm\u0131 ile kira art\u0131\u015f oran\u0131nda belirleyici olan enflasyon rakamlar\u0131, May\u0131s ay\u0131n\u0131n ilk haftas\u0131nda a\u00e7\u0131klanacak. Her ay T\u00dc\u0130K enflasyon oranlar\u0131n\u0131, bir sonraki ay\u0131n 3&#x27;\u00fcnde payla\u015f\u0131yor. G\u00f6zler \u015fimdi T\u00fcrkiye \u0130statistik Kurumu (T\u00dc\u0130K) enflasyon a\u00e7\u0131klamas\u0131nda. Peki, enflasyon oran\u0131 ne zaman a\u00e7\u0131klanacak ? 2026 Nisan ay\u0131 enflasyon beklentisi nedir, T\u00dcFE ne olur? \u0130\u015fte, y\u0131l sonu ve Nisan ay\u0131 enflasyon tahminleri ve konu hakk\u0131nda ayr\u0131nt\u0131l\u0131 bilgiler&#8230;<\/p>\n<p>T\u00fcrkiye \u0130statistik Kurumu, enflasyon verilerini her ay\u0131n 3&#x27;\u00fcnde a\u00e7\u0131kl\u0131yor. Nisan ay\u0131 enflasyon rakamlar\u0131 3 May\u0131s&#x27;\u0131n pazar g\u00fcn\u00fcne denk gelmesi nedeniyle 4 May\u0131s Pazartesi g\u00fcn\u00fc saat 10.00&#x27;da a\u00e7\u0131klanacak.<\/p>\n<p>T\u00fcrkiye \u0130statistik Kurumu, enflasyon verilerini her ay\u0131n 3&#x27;\u00fcnde a\u00e7\u0131kl\u0131yor. Nisan ay\u0131 enflasyon rakamlar\u0131 3 May\u0131s&#x27;\u0131n pazar g\u00fcn\u00fcne denk gelmesi nedeniyle 4 May\u0131s Pazartesi g\u00fcn\u00fc saat 10.00&#x27;da a\u00e7\u0131klanacak.<\/p>\n<p>TCMB, reel ve finansal sekt\u00f6r temsilcileri ile profesyonellerden olu\u015fan 70 kat\u0131l\u0131mc\u0131yla&#8230;<\/p>\n","protected":false},"excerpt":{"rendered":"<p>T\u00dc\u0130K enflasyon oranlar\u0131 ekonominin ana g\u00fcndem maddeleri aras\u0131nda yer al\u0131yor. Memur ve emekli zamm\u0131 ile kira art\u0131\u015f oran\u0131nda belirleyici olan enflasyon&#8230;<\/p>\n","protected":false},"author":2,"featured_media":29229,"comment_status":"open","ping_status":"open","sticky":false,"template":"","format":"standard","meta":{"footnotes":""},"categories":[6,5],"tags":[],"class_list":["post-29230","post","type-post","status-publish","format-standard","has-post-thumbnail","hentry","category-gundem","category-son-dakika"],"_links":{"self":[{"href":"https:\/\/eskigazeteci.com\/index.php?rest_route=\/wp\/v2\/posts\/29230","targetHints":{"allow":["GET"]}}],"collection":[{"href":"https:\/\/eskigazeteci.com\/index.php?rest_route=\/wp\/v2\/posts"}],"about":[{"href":"https:\/\/eskigazeteci.com\/index.php?rest_route=\/wp\/v2\/types\/post"}],"author":[{"embeddable":true,"href":"https:\/\/eskigazeteci.com\/index.php?rest_route=\/wp\/v2\/users\/2"}],"replies":[{"embeddable":true,"href":"https:\/\/eskigazeteci.com\/index.php?rest_route=%2Fwp%2Fv2%2Fcomments&post=29230"}],"version-history":[{"count":0,"href":"https:\/\/eskigazeteci.com\/index.php?rest_route=\/wp\/v2\/posts\/29230\/revisions"}],"wp:featuredmedia":[{"embeddable":true,"href":"https:\/\/eskigazeteci.com\/index.php?rest_route=\/wp\/v2\/media\/29229"}],"wp:attachment":[{"href":"https:\/\/eskigazeteci.com\/index.php?rest_route=%2Fwp%2Fv2%2Fmedia&parent=29230"}],"wp:term":[{"taxonomy":"category","embeddable":true,"href":"https:\/\/eskigazeteci.com\/index.php?rest_route=%2Fwp%2Fv2%2Fcategories&post=29230"},{"taxonomy":"post_tag","embeddable":true,"href":"https:\/\/eskigazeteci.com\/index.php?rest_route=%2Fwp%2Fv2%2Ftags&post=29230"}],"curies":[{"name":"wp","href":"https:\/\/api.w.org\/{rel}","templated":true}]}}