{"id":29228,"date":"2026-04-26T16:12:40","date_gmt":"2026-04-26T16:12:40","guid":{"rendered":"https:\/\/eskigazeteci.com\/?p=29228"},"modified":"2026-04-26T16:12:40","modified_gmt":"2026-04-26T16:12:40","slug":"canli-mac-anlatimi-gs-fb-derbi-maci-canli-yayin","status":"publish","type":"post","link":"https:\/\/eskigazeteci.com\/?p=29228","title":{"rendered":"CANLI MA\u00c7 ANLATIMI (GS &#8211; FB DERB\u0130 MA\u00c7I CANLI YAYIN)"},"content":{"rendered":"<p>CANLI MA\u00c7 ANLATIMI (GS &#8211; FB DERB\u0130 MA\u00c7I CANLI YAYIN) || Galatasaray &#8211; Fenerbah\u00e7e ma\u00e7\u0131 ne zaman, saat ka\u00e7ta? Galatarasay Fenerbah\u00e7e derbisi hangi kanalda, \u015fifresiz mi? \u0130\u015fte ilk 11&#x27;ler&#8230;<\/p>\n<p>Galatasaray : U\u011furcan, Sallai, Davinson, Abd\u00fclkerim, Jakobs, Torreira, Lemina, Yunus, Sane, Bar\u0131\u015f Alper, Osimhen<\/p>\n<p>Fenerbah\u00e7e : Ederson, Semedo, Skriniar, Oosterwolde, ARchie, Kante, Gendouzi, Nene, Kerem, Talisca, Cherif<\/p>\n<p>Fenerbah\u00e7eli taraftarlar, tak\u0131m\u0131 stada co\u015fkuyla u\u011furlad\u0131.<\/p>\n<p>Kad\u0131k\u00f6y&#x27;de erken saatlerde toplanmaya ba\u015flayan sar\u0131-lacivertli taraftarlar, saat 15.00&#x27;te bilet ve g\u00fcvenlik kontrollerinin ard\u0131ndan otob\u00fcslere y\u00f6nlendirildi.<\/p>\n<p>Stat \u00f6n\u00fcnde bekleyen 45 otob\u00fcse binen 2 bin 500&#x27;e yak\u0131n Fenerbah\u00e7e taraftar\u0131, tezah\u00fcratlar e\u015fli\u011finde RAMS Park&#x27;a gitti.<\/p>\n<p>Ma\u00e7a gidemeyen taraftarlar, otob\u00fcsleri me\u015falelerle u\u011furlad\u0131.<\/p>\n<p>RAMS Park, Galatasaray &#8211; Fenerbah\u00e7e derbisine haz\u0131r.<\/p>\n<p>Galatasaray &#x27;da Nijeryal\u0131 Victor Osimhen, derbide forma giyebilecek.<\/p>\n<p>UEFA \u015eampiyonlar Ligi&#x27;ndeki Liverpool m\u00fcsabakas\u0131nda kolu k\u0131r\u0131ld\u0131\u011f\u0131 i\u00e7in ameliyat edilen Osimhen&#x27;in kar\u015f\u0131la\u015fmada kolundaki \u00f6zel koruyucu aparatla oynamas\u0131 bekleniyor.<\/p>\n<p>Galatasaray, Victor Osimhen i\u00e7in gerekli t\u00fcm izinleri ald\u0131. B\u00f6ylece Nijeryal\u0131 golc\u00fcn\u00fcn dev ma\u00e7ta&#8230;<\/p>\n","protected":false},"excerpt":{"rendered":"<p>Galatasaray &#8211; Fenerbah\u00e7e derbisi canl\u0131 yay\u0131n\u0131 naklen ve kesintisiz ekranlara geliyor. Bu ak\u015fam oynanacak olan kar\u015f\u0131la\u015fmaya dakikalar kala, Galatasaray&#8230;<\/p>\n","protected":false},"author":2,"featured_media":29227,"comment_status":"open","ping_status":"open","sticky":false,"template":"","format":"standard","meta":{"footnotes":""},"categories":[8,5,7],"tags":[],"class_list":["post-29228","post","type-post","status-publish","format-standard","has-post-thumbnail","hentry","category-arsiv","category-son-dakika","category-spor"],"_links":{"self":[{"href":"https:\/\/eskigazeteci.com\/index.php?rest_route=\/wp\/v2\/posts\/29228","targetHints":{"allow":["GET"]}}],"collection":[{"href":"https:\/\/eskigazeteci.com\/index.php?rest_route=\/wp\/v2\/posts"}],"about":[{"href":"https:\/\/eskigazeteci.com\/index.php?rest_route=\/wp\/v2\/types\/post"}],"author":[{"embeddable":true,"href":"https:\/\/eskigazeteci.com\/index.php?rest_route=\/wp\/v2\/users\/2"}],"replies":[{"embeddable":true,"href":"https:\/\/eskigazeteci.com\/index.php?rest_route=%2Fwp%2Fv2%2Fcomments&post=29228"}],"version-history":[{"count":0,"href":"https:\/\/eskigazeteci.com\/index.php?rest_route=\/wp\/v2\/posts\/29228\/revisions"}],"wp:featuredmedia":[{"embeddable":true,"href":"https:\/\/eskigazeteci.com\/index.php?rest_route=\/wp\/v2\/media\/29227"}],"wp:attachment":[{"href":"https:\/\/eskigazeteci.com\/index.php?rest_route=%2Fwp%2Fv2%2Fmedia&parent=29228"}],"wp:term":[{"taxonomy":"category","embeddable":true,"href":"https:\/\/eskigazeteci.com\/index.php?rest_route=%2Fwp%2Fv2%2Fcategories&post=29228"},{"taxonomy":"post_tag","embeddable":true,"href":"https:\/\/eskigazeteci.com\/index.php?rest_route=%2Fwp%2Fv2%2Ftags&post=29228"}],"curies":[{"name":"wp","href":"https:\/\/api.w.org\/{rel}","templated":true}]}}